{"id":22522,"date":"2015-02-10T20:18:54","date_gmt":"2015-02-10T19:18:54","guid":{"rendered":"http:\/\/www.brennerbasisdemokratie.eu\/?p=22522"},"modified":"2025-05-25T18:37:44","modified_gmt":"2025-05-25T16:37:44","slug":"ruecktritt-vor-zwangsbeflaggung","status":"publish","type":"post","link":"https:\/\/www.brennerbasisdemokratie.eu\/?p=22522","title":{"rendered":"R\u00fccktritt vor Zwangsbeflaggung."},"content":{"rendered":"<p>B\u00fcrgermeisterin Izaskun Uriagereka (<abbr title=\"Eusko Alderdi Jeltzalea\">EAJ<\/abbr>) und ihr Kulturreferent werden am Freitag ihre \u00c4mter niederlegen, weil das spanische Verfassungsgericht den Rekurs der Gemeinde Mungia nicht angenommen hat. Vor wenigen Monaten hatte das Oberste Gericht des Baskenlandes (OGB) entschieden, dass am Rathaus des rund 15.000 Einwohner starken Orts in der Provinz Bizkaia die spanische Flagge auszuh\u00e4ngen sei. 14 von insgesamt 17 Gemeinderatsmitgliedern, Angeh\u00f6rige der Zentrumspartei EAJ und der linken EH Bildu, beschlossen, das Urteil vor dem Verfassungsgericht anzufechten. Sie beriefen sich unter anderem auf das \u00fcbergeordnete Prinzip der freien Meinungs\u00e4u\u00dferung und argumentierten, dass sich die Bev\u00f6lkerung in Mungia von der spanischen Flagge nicht repr\u00e4sentiert f\u00fchle. Die Abweisung des Rekurses stellte die B\u00fcrgermeisterin vor das Dilemma, das OGB-Urteil umzusetzen oder ihren R\u00fccktritt zu erkl\u00e4ren. Sie entschied sich f\u00fcr letzteres.<\/p>\n<p><strong><span style=\"font-family: Helvetica, Arial, sans-serif; text-transform: uppercase;\">C\u00ebla enghe:<\/span><\/strong> <a title=\"Der Unbelehrbare.\" href=\"http:\/\/www.brennerbasisdemokratie.eu\/?p=13812\"><code>01<\/code><\/a> <a title=\"La creativit\u00e0 che sfida lo stato nazionale.\" href=\"http:\/\/www.brennerbasisdemokratie.eu\/?p=15755\"><code>02<\/code><\/a> <a title=\"Jeder H\u00fctte ihre Zwangsbeflaggung.\" href=\"http:\/\/www.brennerbasisdemokratie.eu\/?p=16820\"><code>03<\/code><\/a> <a title=\"Staats- und Landesflagge.\" href=\"http:\/\/www.brennerbasisdemokratie.eu\/?p=15492\"><code>04<\/code><\/a> <span style=\"font-family: Helvetica, Arial, sans-serif; font-weight: normal;\">||<\/span> <a title=\"N\u00e4chtliche nationalistische Inkontinenz.\" href=\"https:\/\/www.brennerbasisdemokratie.eu\/?p=90213\"><span style=\"color: #ff8c00\"><code>01<\/code><\/span><\/a> <a title=\"Die Unterwerfung.\" href=\"https:\/\/www.brennerbasisdemokratie.eu\/?p=92316\"><span style=\"color: #ff8c00\"><code>02<\/code><\/span><\/a> <a href=\"https:\/\/www.brennerbasisdemokratie.eu\/?p=92380\" title=\"Serve insubordinazione.\"><span style=\"color: #ff8c00\"><code>03<\/code><\/span><\/a><\/p>","protected":false},"excerpt":{"rendered":"<p>B\u00fcrgermeisterin Izaskun Uriagereka (EAJ) und ihr Kulturreferent werden am Freitag ihre \u00c4mter niederlegen, weil das spanische Verfassungsgericht den Rekurs der Gemeinde Mungia nicht angenommen hat. Vor wenigen Monaten hatte das Oberste Gericht des Baskenlandes (OGB) entschieden, dass am Rathaus des rund 15.000 Einwohner starken Orts in der Provinz Bizkaia die spanische Flagge auszuh\u00e4ngen sei. 14 [&hellip;]<\/p>","protected":false},"author":1,"featured_media":0,"comment_status":"open","ping_status":"open","sticky":false,"template":"","format":"standard","meta":{"_crdt_document":"","ngg_post_thumbnail":0,"_jetpack_memberships_contains_paid_content":false,"footnotes":""},"categories":[1],"tags":[],"class_list":["post-22522","post","type-post","status-publish","format-standard","hentry","category-allgemein","entity-eaj","entity-eh-bildu","entity-verfassungsgericht","issue-banalnationalism","location-euskadi","language-deutsch","topic-aussendarstellung","topic-grundrechte","topic-politik","topic-recht","topic-symbolik","topic-ungehorsam","topic-zentralismus"],"jetpack_featured_media_url":"","jetpack_sharing_enabled":true,"_links":{"self":[{"href":"https:\/\/www.brennerbasisdemokratie.eu\/index.php?rest_route=\/wp\/v2\/posts\/22522","targetHints":{"allow":["GET"]}}],"collection":[{"href":"https:\/\/www.brennerbasisdemokratie.eu\/index.php?rest_route=\/wp\/v2\/posts"}],"about":[{"href":"https:\/\/www.brennerbasisdemokratie.eu\/index.php?rest_route=\/wp\/v2\/types\/post"}],"author":[{"embeddable":true,"href":"https:\/\/www.brennerbasisdemokratie.eu\/index.php?rest_route=\/wp\/v2\/users\/1"}],"replies":[{"embeddable":true,"href":"https:\/\/www.brennerbasisdemokratie.eu\/index.php?rest_route=%2Fwp%2Fv2%2Fcomments&post=22522"}],"version-history":[{"count":12,"href":"https:\/\/www.brennerbasisdemokratie.eu\/index.php?rest_route=\/wp\/v2\/posts\/22522\/revisions"}],"predecessor-version":[{"id":92400,"href":"https:\/\/www.brennerbasisdemokratie.eu\/index.php?rest_route=\/wp\/v2\/posts\/22522\/revisions\/92400"}],"wp:attachment":[{"href":"https:\/\/www.brennerbasisdemokratie.eu\/index.php?rest_route=%2Fwp%2Fv2%2Fmedia&parent=22522"}],"wp:term":[{"taxonomy":"category","embeddable":true,"href":"https:\/\/www.brennerbasisdemokratie.eu\/index.php?rest_route=%2Fwp%2Fv2%2Fcategories&post=22522"},{"taxonomy":"post_tag","embeddable":true,"href":"https:\/\/www.brennerbasisdemokratie.eu\/index.php?rest_route=%2Fwp%2Fv2%2Ftags&post=22522"}],"curies":[{"name":"wp","href":"https:\/\/api.w.org\/{rel}","templated":true}]}}