{"id":22534,"date":"2015-02-11T19:29:10","date_gmt":"2015-02-11T18:29:10","guid":{"rendered":"http:\/\/www.brennerbasisdemokratie.eu\/?p=22534"},"modified":"2022-06-06T12:57:28","modified_gmt":"2022-06-06T10:57:28","slug":"a-adige-zensiert-sudtirolo","status":"publish","type":"post","link":"https:\/\/www.brennerbasisdemokratie.eu\/?p=22534","title":{"rendered":"A. Adige zensiert \u00bbSudtirolo\u00ab."},"content":{"rendered":"<p>Heute war bekannt geworden, dass der italienische Au\u00dfenminister S\u00fcdtirol als Modell f\u00fcr die Entsch\u00e4rfung der Situation in der Ukraine ins Spiel gebracht hatte. Dabei hatte er \u2014 \u00e4hnlich wie bereits Giorgio Napolitano und Matteo Renzi \u2014 nicht von A. Adige, sondern von Sudtirolo bzw. Sud Tirolo gesprochen, wie s\u00e4mtliche Medien wiedergaben.<\/p>\n<p>S\u00e4mtliche Medien? Alle au\u00dfer eines: Das S\u00fcdtiroler Kampfblatt <em>A. Adige<\/em> lie\u00df es sich nicht nehmen, sogar zweimal (ohne darauf hinzuweisen) ein w\u00f6rtliches Zitat des Ministers zu manipulieren, um es von der unliebsamen Bezeichnung zu s\u00e4ubern:<\/p>\n<blockquote><p>&#8220;Non riteniamo che la fornitura di armi all\u2019Ucraina sia una buona idea. Speriamo nel successo del negoziato, per l\u2019assetto delle regioni orientali potrebbe tornare utile il nostro modello del <strong>Sud Tirolo<\/strong>&#8220;. Lo dice il ministro degli Esteri Paolo Gentiloni, in un\u2019intervista alla Stampa, nella quale spiega: &#8220;Rispettiamo le idee e le eventuali decisioni degli Stati Uniti, che sono il nostro alleato maggiore, ma l\u2019escalation delle armi \u00e8 quella che metterebbe meno in difficolt\u00e0 Putin&#8221;. Quindi la proposta italiana: &#8220;Il contesto \u00e8 diverso, ma io ho parlato del nostro modello in <strong>Sud Tirolo<\/strong>. \u00c8 possibile trovare una soluzione che rispetti la sovranit\u00e0\u00a0 dell\u2019Ucraina, preservi i suoi confini e rispetti i diritti delle minoranze, se Mosca ha la volont\u00e0\u00a0 politica di accettarla. Tutto ora dipende dalle decisioni della Russia&#8221;. Se non saranno positive scatteranno nuove sanzioni? &#8220;Non lo voglio dire per scaramanzia &#8211; risponde il ministro &#8211; e anche per gli interessi dell\u2019Italia, ma il terreno economico \u00e8 quello pi\u00f9 efficace per fare pressioni sulla Russia&#8221;. Parlando poi della Libia, Gentiloni spiega che l\u2019Italia sostiene la mediazione dell\u2019Onu, ma &#8220;se fallir\u00e0\u00a0, la minaccia terroristica&#8221;, finora contenuta a sud, &#8220;diventer\u00e0\u00a0 molto pi\u00f9 grave, e dovremo preoccuparcene seriamente perch\u00e9 sar\u00e0 a 3 o 4 ore di navigazione da noi&#8221;.<\/p>\n<p>\u2014 <a title=\"ANSA: Gentiloni, regione dell\u2019Est...\" href=\"http:\/\/www.ansa.it\/sito\/notizie\/politica\/2015\/02\/11\/ucraina-gentiloni-regione-dellest-su-modello-sud-tirolo_87267501-f3aa-463c-ab87-d43d0ab06ed1.html\" target=\"_blank\" rel=\"noopener\">Aussendung<\/a> der Nachrichtenagentur ANSA.<\/p><\/blockquote>\n<blockquote><p>Il ministro degli Esteri Gentiloni cita l\u2019<strong>Alto Adige<\/strong> come modello per risolvere la crisi ucraina. La provincia di Bolzano \u00e8 considerata, infatti, dal Governo un modello esemplare per la convivenza tra etnie diverse. \u00abNon riteniamo che la fornitura di armi all\u2019Ucraina sia una buona idea. Speriamo nel successo del negoziato, per l\u2019assetto delle regioni orientali potrebbe tornare utile il nostro modello <strong>altoatesino<\/strong>\u00bb: lo dice il ministro degli Esteri Paolo Gentiloni, in un\u2019intervista nella quale aggiunge: \u00abRispettiamo le idee e le eventuali decisioni degli Stati Uniti, che sono il nostro alleato maggiore, ma l\u2019escalation delle armi \u00e8 quella che metterebbe meno in difficolt\u00e0 Putin\u00bb. Quindi la proposta italiana: \u00abIl contesto \u00e8 diverso, ma io ho parlato del nostro modello in <strong>Alto Adige<\/strong>. \u00c8 possibile trovare una soluzione che rispetti la sovranit\u00e0\u00a0 dell\u2019Ucraina, preservi i suoi confini e rispetti i diritti delle minoranze, se Mosca ha la volont\u00e0\u00a0 politica di accettarla. Tutto ora dipende dalle decisioni della Russia\u00bb.<\/p>\n<p>\u2014 <a title=\"AA: Il ministero...\" href=\"http:\/\/altoadige.gelocal.it\/bolzano\/cronaca\/2015\/02\/11\/news\/il-ministero-degli-esteri-gentiloni-per-risolvere-la-crisi-ucraina-bisogna-prendere-a-modello-l-alto-adige-1.10844733?fb_comment_id=fbc_879004918827758_879011825493734_879011825493734#f3ba4ef65d1affe\" target=\"_blank\" rel=\"noopener\">Artikel<\/a> von A. Adige Online.<\/p><\/blockquote>\n<p><em>Hervorhebungen von mir.<\/em><\/p>\n<p>In der Ortsnamensfrage schiebt das Kampfblatt gern das Argument vor, dass man den Italienerinnen die Freiheit lassen m\u00fcsse, Ortschaften so zu benennen, wie sie es wollen. Eine Freiheit \u00fcbrigens, die sich auch durch die Abschaffung erfundener Ortsnamen als <em>amtliche<\/em> Bezeichnungen nicht \u00e4ndern w\u00fcrde. Andersherum gesteht die Zeitung dem Minister dieselbe Freiheit nicht zu, wenn er S\u00fcdtirol als Sudtirolo bezeichnet.<\/p>\n<p><strong><span style=\"font-family: Helvetica, Arial, sans-serif; text-transform: uppercase;\">C\u00ebla enghe:<\/span><\/strong> <a title=\"Sudtirolo, preservazione dei confini.\" href=\"http:\/\/www.brennerbasisdemokratie.eu\/?p=22531\"><code>01<\/code><\/a> <a title=\"PD gegen \u00bbSudtirolo\u00ab.\" href=\"http:\/\/www.brennerbasisdemokratie.eu\/?p=20316\"><code>02<\/code><\/a><\/p>","protected":false},"excerpt":{"rendered":"<p>Heute war bekannt geworden, dass der italienische Au\u00dfenminister S\u00fcdtirol als Modell f\u00fcr die Entsch\u00e4rfung der Situation in der Ukraine ins Spiel gebracht hatte. Dabei hatte er \u2014 \u00e4hnlich wie bereits Giorgio Napolitano und Matteo Renzi \u2014 nicht von A. Adige, sondern von Sudtirolo bzw. Sud Tirolo gesprochen, wie s\u00e4mtliche Medien wiedergaben. S\u00e4mtliche Medien? Alle au\u00dfer [&hellip;]<\/p>","protected":false},"author":1,"featured_media":0,"comment_status":"open","ping_status":"open","sticky":false,"template":"","format":"standard","meta":{"_crdt_document":"","ngg_post_thumbnail":0,"_jetpack_memberships_contains_paid_content":false,"footnotes":""},"categories":[1],"tags":[],"class_list":["post-22534","post","type-post","status-publish","format-standard","hentry","category-allgemein","issue-medienkritik","issue-zitac","location-sudtirolo","location-ukraine","language-italiano","medium-aa","person-paolo-gentiloni","person-wladimir-putin","topic-faktencheck","topic-medien","topic-ortsnamen"],"jetpack_featured_media_url":"","jetpack_sharing_enabled":true,"_links":{"self":[{"href":"https:\/\/www.brennerbasisdemokratie.eu\/index.php?rest_route=\/wp\/v2\/posts\/22534","targetHints":{"allow":["GET"]}}],"collection":[{"href":"https:\/\/www.brennerbasisdemokratie.eu\/index.php?rest_route=\/wp\/v2\/posts"}],"about":[{"href":"https:\/\/www.brennerbasisdemokratie.eu\/index.php?rest_route=\/wp\/v2\/types\/post"}],"author":[{"embeddable":true,"href":"https:\/\/www.brennerbasisdemokratie.eu\/index.php?rest_route=\/wp\/v2\/users\/1"}],"replies":[{"embeddable":true,"href":"https:\/\/www.brennerbasisdemokratie.eu\/index.php?rest_route=%2Fwp%2Fv2%2Fcomments&post=22534"}],"version-history":[{"count":19,"href":"https:\/\/www.brennerbasisdemokratie.eu\/index.php?rest_route=\/wp\/v2\/posts\/22534\/revisions"}],"predecessor-version":[{"id":72646,"href":"https:\/\/www.brennerbasisdemokratie.eu\/index.php?rest_route=\/wp\/v2\/posts\/22534\/revisions\/72646"}],"wp:attachment":[{"href":"https:\/\/www.brennerbasisdemokratie.eu\/index.php?rest_route=%2Fwp%2Fv2%2Fmedia&parent=22534"}],"wp:term":[{"taxonomy":"category","embeddable":true,"href":"https:\/\/www.brennerbasisdemokratie.eu\/index.php?rest_route=%2Fwp%2Fv2%2Fcategories&post=22534"},{"taxonomy":"post_tag","embeddable":true,"href":"https:\/\/www.brennerbasisdemokratie.eu\/index.php?rest_route=%2Fwp%2Fv2%2Ftags&post=22534"}],"curies":[{"name":"wp","href":"https:\/\/api.w.org\/{rel}","templated":true}]}}