{"id":22557,"date":"2015-02-13T13:05:11","date_gmt":"2015-02-13T12:05:11","guid":{"rendered":"http:\/\/www.brennerbasisdemokratie.eu\/?p=22557"},"modified":"2024-09-09T16:24:20","modified_gmt":"2024-09-09T14:24:20","slug":"europa-der-regionen-im-netz-ohne-uns","status":"publish","type":"post","link":"https:\/\/www.brennerbasisdemokratie.eu\/?p=22557","title":{"rendered":"Europa der Regionen im Netz \u2014 ohne uns."},"content":{"rendered":"<p>Seit Jahren macht <img class=\"bbdlogo\" src=\"https:\/\/www.brennerbasisdemokratie.eu\/wp-content\/uploads\/bbdsmileys\/bbde.png\"> darauf aufmerksam, dass S\u00fcdtirol eine europa- und weltweite Entwicklung verschl\u00e4ft, wenn es darum geht, ein eigenes territoriales Internetsuffix zu erlangen. Den <a title=\"puntCAT.\" href=\"http:\/\/www.brennerbasisdemokratie.eu\/?p=19\">Anfang<\/a> hatte \u2014 wie so oft \u2014 Katalonien (mit <em>.cat)<\/em> gemacht, als es offiziell noch gar nicht m\u00f6glich war, die Zuweisung eines territorialen Suffixes unterhalb der staatlichen Ebene zu erreichen.<\/p>\n<p>In der Folge \u00e4nderte sich diese Praxis der internationalen Zulassungsstelle ICANN, weshalb inzwischen eine F\u00fclle regionaler Endungen entstanden ist. Naturgem\u00e4\u00df waren es vor allem autonome Regionen, die aufgrund ihres Eigenst\u00e4ndigkeitsanspruchs als erste ein eigenes Suffix beantragten. Wenn schon (noch) nicht in der realen Welt, so sind sie nun wenigstens im virtuellen Raum als eigenst\u00e4ndige Territorien wahrnehmbar.<\/p>\n<p>Ein Blick ins Internet best\u00e4tigt, dass auch die <strong>offiziellen Institutionen<\/strong> der betreffenden L\u00e4nder von den regionalen Endungen Gebrauch machen:<\/p>\n<ul>\n<li>Baskenland\/Euskadi: <a title=\"Euskadi.\" href=\"http:\/\/www.euskadi.eus\" target=\"_blank\" rel=\"noopener noreferrer\">www.euskadi.eus<\/a><\/li>\n<li>Bretagne\/Breizh: <a title=\"Breizh.\" href=\"http:\/\/www.breizh.bzh\" target=\"_blank\" rel=\"noopener noreferrer\">www.breizh.bzh<\/a><\/li>\n<li>Galicien\/Galiza: <a title=\"Galicia.\" href=\"http:\/\/www.xunta.gal\" target=\"_blank\" rel=\"noopener noreferrer\">www.xunta.gal<\/a><\/li>\n<li>Katalonien\/Catalunya: <a title=\"Generalitat de Catalunya.\" href=\"http:\/\/www.gencat.cat\" target=\"_blank\" rel=\"noopener noreferrer\">www.gencat.cat<\/a><\/li>\n<li>Saarland: <a title=\"Land Saarland.\" href=\"http:\/\/www.land.saarland\" target=\"_blank\" rel=\"noopener noreferrer\">www.land.saarland<\/a><\/li>\n<li>Schottland\/Alba: <a title=\"Scotland.\" href=\"http:\/\/www.gov.scot\" target=\"_blank\" rel=\"noopener noreferrer\">www.gov.scot<\/a><\/li>\n<li>Wales\/Cymru: <a title=\"Cymru.\" href=\"http:\/\/www.cynulliad.cymru\" target=\"_blank\" rel=\"noopener noreferrer\">www.cynulliad.cymru<\/a><\/li>\n<\/ul>\n<p>Einige autonome Regionen und Gebiete haben sogar Top-Level-Domains (ccTLD), die nur aus zwei Buchstaben bestehen \u2014 obschon solche in der Regel souver\u00e4nen Staaten vorbehalten sind, so etwa:<\/p>\n<ul>\n<li>Gr\u00f6nland (D\u00e4nemark): <a title=\"Gr\u00f6nland.\" href=\"http:\/\/naalakkersuisut.gl\" target=\"_blank\" rel=\"noopener noreferrer\">http:\/\/naalakkersuisut.gl<\/a><\/li>\n<li>F\u00e4r\u00f6er (D\u00e4nemark): <a title=\"F\u00e4r\u00f6er.\" href=\"http:\/\/www.lms.fo\" target=\"_blank\" rel=\"noopener noreferrer\">www.lms.fo<\/a><\/li>\n<li>\u00c5land (Finnland): <a title=\"\u00e0\u2026land.\" href=\"http:\/\/www.aland.ax\" target=\"_blank\" rel=\"noopener noreferrer\">www.aland.ax<\/a><\/li>\n<\/ul>\n<p>Demn\u00e4chst werden sich in unserer N\u00e4he auch das Bundesland Tirol (\u00fcber die <a title=\".tirol\" href=\"http:\/\/www.nic.tirol\" target=\"_blank\" rel=\"noopener noreferrer\">.tirol-Endung<\/a>) und Bayern (<a title=\".bayern\" href=\"http:\/\/www.nic.bayern\" target=\"_blank\" rel=\"noopener noreferrer\">.bayern<\/a>) mit eigenen TLDs pr\u00e4sentieren. W\u00e4hrend das Europa der Regionen also wenigstens im Internet immer mehr zur Wirklichkeit wird, schl\u00e4ft S\u00fcdtirol weiterhin seinen Dornr\u00f6schenschlaf. Die zust\u00e4ndige Landesr\u00e4tin hat vor wenigen Monaten gar <a title=\"Webadresse? Auch nicht zust\u00e4ndig!\" href=\"http:\/\/www.brennerbasisdemokratie.eu\/?p=21530\">behauptet<\/a>, dass S\u00fcdtirol nicht f\u00fcr die \u00c4nderung seiner eigenen Webdomain zust\u00e4ndig sei \u2014 an der kryptischen Adresse <em><strong>provinz.bz.it<\/strong><\/em> kommt ihrer Meinung nach also zumindest das Land nicht vorbei. Na dann: Prost Vorzeigeautonomie.<\/p>\n<p><strong><span style=\"font-family: Helvetica, Arial, sans-serif; text-transform: uppercase;\">C\u00ebla enghe:<\/span><\/strong> <a title=\"Netz: Regionalisierung ohne uns.\" href=\"http:\/\/www.brennerbasisdemokratie.eu\/?p=15588\"><code>01<\/code><\/a> <a title=\"Kein Engagement f\u00fcr .stl\" href=\"http:\/\/www.brennerbasisdemokratie.eu\/?p=8526\"><code>02<\/code><\/a> <a title=\"S\u00fcdtirol schl\u00e4ft und \u2019.tirol\u2019 kommt.\" href=\"http:\/\/www.brennerbasisdemokratie.eu\/?p=16798\"><code>03<\/code><\/a> <a title=\"Websuffix: Es tut sich was.\" href=\"http:\/\/www.brennerbasisdemokratie.eu\/?p=16654\"><code>04<\/code><\/a> <span style=\"font-family: Helvetica, Arial, sans-serif; font-weight: normal;\">||<\/span> <a title=\"15\u00b0 compleanno del suffisso catalano.\" href=\"https:\/\/www.brennerbasisdemokratie.eu\/?p=60547\"><span style=\"color: #ff8c00\"><code>01<\/code><\/span><\/a> <a title=\"Ungenutzte digitale Spielr\u00e4ume.\" href=\"https:\/\/www.brennerbasisdemokratie.eu\/?p=88045\"><span style=\"color: #ff8c00\"><code>02<\/code><\/span><\/a><\/p>","protected":false},"excerpt":{"rendered":"<p>Seit Jahren macht darauf aufmerksam, dass S\u00fcdtirol eine europa- und weltweite Entwicklung verschl\u00e4ft, wenn es darum geht, ein eigenes territoriales Internetsuffix zu erlangen. Den Anfang hatte \u2014 wie so oft \u2014 Katalonien (mit .cat) gemacht, als es offiziell noch gar nicht m\u00f6glich war, die Zuweisung eines territorialen Suffixes unterhalb der staatlichen Ebene zu erreichen. In [&hellip;]<\/p>","protected":false},"author":1,"featured_media":0,"comment_status":"open","ping_status":"open","sticky":false,"template":"","format":"standard","meta":{"_crdt_document":"","ngg_post_thumbnail":0,"_jetpack_memberships_contains_paid_content":false,"footnotes":""},"categories":[1],"tags":[],"class_list":["post-22557","post","type-post","status-publish","format-standard","hentry","category-allgemein","location-aland","location-bayern","location-breizhbretagne","location-catalunya","location-euskadi","location-faroer","location-galiza","location-schottland","location-sudtirolo","language-deutsch","topic-aussendarstellung","topic-comparatio","topic-foederalismus","topic-tech_com","topic-vorzeigeautonomie","topic-zustaendigkeiten"],"jetpack_featured_media_url":"","jetpack_sharing_enabled":true,"_links":{"self":[{"href":"https:\/\/www.brennerbasisdemokratie.eu\/index.php?rest_route=\/wp\/v2\/posts\/22557","targetHints":{"allow":["GET"]}}],"collection":[{"href":"https:\/\/www.brennerbasisdemokratie.eu\/index.php?rest_route=\/wp\/v2\/posts"}],"about":[{"href":"https:\/\/www.brennerbasisdemokratie.eu\/index.php?rest_route=\/wp\/v2\/types\/post"}],"author":[{"embeddable":true,"href":"https:\/\/www.brennerbasisdemokratie.eu\/index.php?rest_route=\/wp\/v2\/users\/1"}],"replies":[{"embeddable":true,"href":"https:\/\/www.brennerbasisdemokratie.eu\/index.php?rest_route=%2Fwp%2Fv2%2Fcomments&post=22557"}],"version-history":[{"count":22,"href":"https:\/\/www.brennerbasisdemokratie.eu\/index.php?rest_route=\/wp\/v2\/posts\/22557\/revisions"}],"predecessor-version":[{"id":88052,"href":"https:\/\/www.brennerbasisdemokratie.eu\/index.php?rest_route=\/wp\/v2\/posts\/22557\/revisions\/88052"}],"wp:attachment":[{"href":"https:\/\/www.brennerbasisdemokratie.eu\/index.php?rest_route=%2Fwp%2Fv2%2Fmedia&parent=22557"}],"wp:term":[{"taxonomy":"category","embeddable":true,"href":"https:\/\/www.brennerbasisdemokratie.eu\/index.php?rest_route=%2Fwp%2Fv2%2Fcategories&post=22557"},{"taxonomy":"post_tag","embeddable":true,"href":"https:\/\/www.brennerbasisdemokratie.eu\/index.php?rest_route=%2Fwp%2Fv2%2Ftags&post=22557"}],"curies":[{"name":"wp","href":"https:\/\/api.w.org\/{rel}","templated":true}]}}