{"id":22698,"date":"2015-02-26T17:18:45","date_gmt":"2015-02-26T16:18:45","guid":{"rendered":"http:\/\/www.brennerbasisdemokratie.eu\/?p=22698"},"modified":"2021-10-08T03:14:30","modified_gmt":"2021-10-08T01:14:30","slug":"arbeitnehmer-fuer-recht-auf-muttersprache","status":"publish","type":"post","link":"https:\/\/www.brennerbasisdemokratie.eu\/?p=22698","title":{"rendered":"Arbeitnehmer f\u00fcr Recht auf Muttersprache."},"content":{"rendered":"<p>Nicht die b\u00f6sen Sezessionisten setzen sich diesmal f\u00fcr die Gleichstellung der deutschen mit der italienischen Sprache ein, sondern \u2014 wie es sein sollte \u2014 auch einmal <a title=\"SVP: ArbeitnehmerInnen fordern Recht...\" href=\"http:\/\/www.svp.eu\/de\/svp-arbeitnehmer\/schlagzeilen\/arbeitnehmerinnen-fordern-recht-auf-gebrauch-der-muttersprache\/\/\" target=\"_blank\" rel=\"noopener noreferrer\">die (Nur-)Autonomisten<\/a> von der Volkspartei. Allerdings mutet es merkw\u00fcrdig an, wenn die Mitglieder einer Partei, die S\u00fcdtirol seit \u00fcber 60 Jahren regiert und unsere Autonomie regelm\u00e4\u00dfig als Modell darstellt, Zeilen wie diese schreiben:<\/p>\n<blockquote><p>In ganz vielen Bereichen wird [das Recht auf Muttersprache] respektiert und angewandt. Immer wieder aber und noch viel zu h\u00e4ufig kommt es vor, dass zum Beispiel in Krankenh\u00e4usern, bei der Post oder bei der Polizei die Dienste nicht dementsprechend organisiert sind.<\/p><\/blockquote>\n<p>oder:<\/p>\n<blockquote><p>Abgesehen davon, dass auch immer s\u00e4mtliche Unterlagen in italienischer und deutscher Sprache zur Verf\u00fcgung gestellt werden m\u00fcssten, fehle in vielen Einrichtungen auch der schriftliche Anschlag, dass die B\u00fcrger der Provinz Bozen das Recht auf Verwendung der Sprache ihrer Zugeh\u00f6rigkeitsgruppe haben.<br \/>\nWeiters sei nun ein schon seit vielen Jahren bestehender Missstand die Tatsache, dass der telefonische Kundendienst bei beispielsweise Post, Einnahmenagentur oder auch INPS schlussendlich nur in italienischer Sprache gew\u00e4hrleistet werde.<\/p><\/blockquote>\n<p>und schlie\u00dflich:<\/p>\n<blockquote><p>In S\u00fcdtirol wissen wir schon seit vielen Jahrzehnten um unsere sprachlichen Barrieren. Die \u00f6ffentlichen \u00c4mter und Organe sollten mit gutem Beispiel vorangehen, die Zweisprachigkeit in S\u00fcdtirol vorrangig und ernsthaft umsetzen und somit ihren Pflichten zur G\u00e4nze nachkommen. Das wird h\u00f6chste Zeit.<\/p><\/blockquote>\n<p>Irgendwas l\u00e4uft mehr als falsch, wenn die Mehrheitspartei auf dieses Problem \u2014 anl\u00e4sslich des internationalen Tages der Muttersprache \u2014 mit einer Pressemitteilung aufmerksam macht. Wo sind die Landtagsbeschl\u00fcsse, die Landesgesetze und das Engagement der Landesregierung, wenn es um die Einhaltung und die Ausweitung der Zwei- und Dreisprachigkeit in diesem Land geht? So erfreulich auch das pl\u00f6tzliche Lebenszeichen des sozialen Fl\u00fcgels in der SVP in diesem Bereich ist, so hilflos wirkt es, wenn man sich als langj\u00e4hrige Regierungspartei den Weg in die \u00d6ffentlichkeit \u00fcber die Presse bahnt, statt durch konkrete Aktionen.<\/p>\n<p><strong><span style=\"font-family: Helvetica, Arial, sans-serif; text-transform: uppercase;\">C\u00ebla enghe:<\/span><\/strong> <a title=\"Die SVP und die Fassadensprache.\" href=\"http:\/\/www.brennerbasisdemokratie.eu\/?p=13892\"><code>01<\/code><\/a> <a title=\"Zweisprachige Polizei?\" href=\"http:\/\/www.brennerbasisdemokratie.eu\/?p=22635\"><code>02<\/code><\/a> <a title=\"Die Zweisprachigkeit beim Land.\" href=\"http:\/\/www.brennerbasisdemokratie.eu\/?p=10458\"><code>03<\/code><\/a> <a title=\"Pr\u00e4mie trotz Sprachverhunzung.\" href=\"http:\/\/www.brennerbasisdemokratie.eu\/?p=6574\"><code>04<\/code><\/a><\/p>","protected":false},"excerpt":{"rendered":"<p>Nicht die b\u00f6sen Sezessionisten setzen sich diesmal f\u00fcr die Gleichstellung der deutschen mit der italienischen Sprache ein, sondern \u2014 wie es sein sollte \u2014 auch einmal die (Nur-)Autonomisten von der Volkspartei. Allerdings mutet es merkw\u00fcrdig an, wenn die Mitglieder einer Partei, die S\u00fcdtirol seit \u00fcber 60 Jahren regiert und unsere Autonomie regelm\u00e4\u00dfig als Modell darstellt, [&hellip;]<\/p>","protected":false},"author":1,"featured_media":0,"comment_status":"open","ping_status":"open","sticky":false,"template":"","format":"standard","meta":{"_crdt_document":"","ngg_post_thumbnail":0,"_jetpack_memberships_contains_paid_content":false,"footnotes":""},"categories":[1],"tags":[],"class_list":["post-22698","post","type-post","status-publish","format-standard","hentry","category-allgemein","entity-einnahmenagentur","entity-nisf","entity-svp","issue-bilinguismo-negato","issue-good-news","issue-zitac","location-sudtirolo","language-deutsch","topic-discriminaziun","topic-grundrechte","topic-medien","topic-minderheitenschutz","topic-plurilinguism","topic-politik","topic-recht","topic-vorzeigeautonomie"],"jetpack_featured_media_url":"","jetpack_sharing_enabled":true,"_links":{"self":[{"href":"https:\/\/www.brennerbasisdemokratie.eu\/index.php?rest_route=\/wp\/v2\/posts\/22698","targetHints":{"allow":["GET"]}}],"collection":[{"href":"https:\/\/www.brennerbasisdemokratie.eu\/index.php?rest_route=\/wp\/v2\/posts"}],"about":[{"href":"https:\/\/www.brennerbasisdemokratie.eu\/index.php?rest_route=\/wp\/v2\/types\/post"}],"author":[{"embeddable":true,"href":"https:\/\/www.brennerbasisdemokratie.eu\/index.php?rest_route=\/wp\/v2\/users\/1"}],"replies":[{"embeddable":true,"href":"https:\/\/www.brennerbasisdemokratie.eu\/index.php?rest_route=%2Fwp%2Fv2%2Fcomments&post=22698"}],"version-history":[{"count":9,"href":"https:\/\/www.brennerbasisdemokratie.eu\/index.php?rest_route=\/wp\/v2\/posts\/22698\/revisions"}],"predecessor-version":[{"id":47161,"href":"https:\/\/www.brennerbasisdemokratie.eu\/index.php?rest_route=\/wp\/v2\/posts\/22698\/revisions\/47161"}],"wp:attachment":[{"href":"https:\/\/www.brennerbasisdemokratie.eu\/index.php?rest_route=%2Fwp%2Fv2%2Fmedia&parent=22698"}],"wp:term":[{"taxonomy":"category","embeddable":true,"href":"https:\/\/www.brennerbasisdemokratie.eu\/index.php?rest_route=%2Fwp%2Fv2%2Fcategories&post=22698"},{"taxonomy":"post_tag","embeddable":true,"href":"https:\/\/www.brennerbasisdemokratie.eu\/index.php?rest_route=%2Fwp%2Fv2%2Ftags&post=22698"}],"curies":[{"name":"wp","href":"https:\/\/api.w.org\/{rel}","templated":true}]}}