{"id":22715,"date":"2015-02-28T11:44:17","date_gmt":"2015-02-28T10:44:17","guid":{"rendered":"http:\/\/www.brennerbasisdemokratie.eu\/?p=22715"},"modified":"2020-01-19T19:22:48","modified_gmt":"2020-01-19T18:22:48","slug":"finanzabkommen-feierlaune","status":"publish","type":"post","link":"https:\/\/www.brennerbasisdemokratie.eu\/?p=22715","title":{"rendered":"Finanzabkommen: Feierlaune."},"content":{"rendered":"<p>Die Logik ist beeindruckend: Da Aosta und Sizilien mit ihren Verfassungsklagen gegen den Staat gescheitert sind, brechen Karl Zeller (<abbr title=\"S\u00fcdtiroler Volkspartei\">SVP<\/abbr>) und sein Parteiobmann Philipp Achammer in Jubelch\u00f6re aus \u2014 das sei der Beweis, so der Tenor, dass sich das Finanzabkommen zwischen S\u00fcdtirol und Rom gelohnt habe.<\/p>\n<p>Ob der Lobges\u00e4nge m\u00f6chte man fast meinen, S\u00fcdtirol habe auf dem Verhandlungswege zur\u00fcckbekommen, was Aosta und Sizilien nun endg\u00fcltig verloren haben. Das Gegenteil ist der Fall: Mit dem Abkommen haben wir vorauseilend auf so ziemlich alles verzichtet, worauf wir verzichten konnten. Und was wir dem Staat bereits geschenkt haben, kann uns das Verfassungsgericht selbstredend nicht mehr absprechen.<\/p>\n<p>So gesehen mag zwar sein \u2014 woran ich zweifle \u2014 dass die S\u00fcdtiroler L\u00f6sung gut war. Das jetzige Urteil ist aber sicher kein Indiz daf\u00fcr:<\/p>\n<ul>\n<li>Ob S\u00fcdtirol vor dem Verfassungsgericht ebenfalls abgeblitzt w\u00e4re, l\u00e4sst sich nicht sagen, denn schlie\u00dflich unterscheiden sich unsere rechtlichen Voraussetzungen von jenen anderer Regionen.<\/li>\n<li>S\u00fcdtirol hat aufgrund des Finanzabkommens nicht eine, sondern eine ganze Reihe von Verfassungsklagen zur\u00fcckgezogen. Man h\u00e4tte sie wider Erwarten schon fast alle verlieren m\u00fcssen, um ihren R\u00fcckzug positiv zu bewerten. Vergessen wir nicht, dass von S\u00fcdtiroler Seite mehrfach behauptet wurde, der Staat habe sich vor allem deshalb auf Verhandlungen eingelassen, weil er gewusst habe, dass er vor Gericht kaum Chancen gehabt h\u00e4tte.<\/li>\n<li>Dass das Verfassungsgericht im Fall von Aosta und Sizilien einmal mehr \u00bbzentralistisch\u00ab geurteilt hat, kann f\u00fcr S\u00fcdtirol ohnehin nicht gut sein. Wenn Zeller nun glaubt, auch das Mail\u00e4nder Abkommen h\u00e4tte vor Gericht nicht standgehalten, ist dies wohl alles andere als ein gutes Omen f\u00fcr das neue Finanzabkommen. Bislang wurde es noch nicht gebrochen, seine juristische G\u00fcte wird sich aber im Ernstfall erst noch beweisen m\u00fcssen.<\/li>\n<\/ul>\n<p>Feierlaune sollte angesichts des jetzigen Urteils also so ziemlich das letzte sein, was in S\u00fcdtirol aufkommt.<\/p>","protected":false},"excerpt":{"rendered":"<p>Die Logik ist beeindruckend: Da Aosta und Sizilien mit ihren Verfassungsklagen gegen den Staat gescheitert sind, brechen Karl Zeller (SVP) und sein Parteiobmann Philipp Achammer in Jubelch\u00f6re aus \u2014 das sei der Beweis, so der Tenor, dass sich das Finanzabkommen zwischen S\u00fcdtirol und Rom gelohnt habe. Ob der Lobges\u00e4nge m\u00f6chte man fast meinen, S\u00fcdtirol habe [&hellip;]<\/p>","protected":false},"author":1,"featured_media":0,"comment_status":"open","ping_status":"open","sticky":false,"template":"","format":"standard","meta":{"_crdt_document":"","ngg_post_thumbnail":0,"_jetpack_memberships_contains_paid_content":false,"footnotes":""},"categories":[1],"tags":[],"class_list":["post-22715","post","type-post","status-publish","format-standard","hentry","category-allgemein","entity-svp","entity-verfassungsgericht","issue-finanzabkommen-2014","issue-mailander-abkommen","location-aouta","location-sicilia","location-sudtirolo","language-deutsch","person-karl-zeller","person-philipp-achammer","topic-politik","topic-recht","topic-staatland","topic-vorzeigeautonomie","topic-wirtschaft","topic-zentralismus"],"jetpack_featured_media_url":"","jetpack_sharing_enabled":true,"_links":{"self":[{"href":"https:\/\/www.brennerbasisdemokratie.eu\/index.php?rest_route=\/wp\/v2\/posts\/22715","targetHints":{"allow":["GET"]}}],"collection":[{"href":"https:\/\/www.brennerbasisdemokratie.eu\/index.php?rest_route=\/wp\/v2\/posts"}],"about":[{"href":"https:\/\/www.brennerbasisdemokratie.eu\/index.php?rest_route=\/wp\/v2\/types\/post"}],"author":[{"embeddable":true,"href":"https:\/\/www.brennerbasisdemokratie.eu\/index.php?rest_route=\/wp\/v2\/users\/1"}],"replies":[{"embeddable":true,"href":"https:\/\/www.brennerbasisdemokratie.eu\/index.php?rest_route=%2Fwp%2Fv2%2Fcomments&post=22715"}],"version-history":[{"count":5,"href":"https:\/\/www.brennerbasisdemokratie.eu\/index.php?rest_route=\/wp\/v2\/posts\/22715\/revisions"}],"predecessor-version":[{"id":54221,"href":"https:\/\/www.brennerbasisdemokratie.eu\/index.php?rest_route=\/wp\/v2\/posts\/22715\/revisions\/54221"}],"wp:attachment":[{"href":"https:\/\/www.brennerbasisdemokratie.eu\/index.php?rest_route=%2Fwp%2Fv2%2Fmedia&parent=22715"}],"wp:term":[{"taxonomy":"category","embeddable":true,"href":"https:\/\/www.brennerbasisdemokratie.eu\/index.php?rest_route=%2Fwp%2Fv2%2Fcategories&post=22715"},{"taxonomy":"post_tag","embeddable":true,"href":"https:\/\/www.brennerbasisdemokratie.eu\/index.php?rest_route=%2Fwp%2Fv2%2Ftags&post=22715"}],"curies":[{"name":"wp","href":"https:\/\/api.w.org\/{rel}","templated":true}]}}