{"id":23214,"date":"2015-04-11T19:11:21","date_gmt":"2015-04-11T17:11:21","guid":{"rendered":"http:\/\/www.brennerbasisdemokratie.eu\/?p=23214"},"modified":"2023-01-05T18:28:29","modified_gmt":"2023-01-05T17:28:29","slug":"mancino-wer","status":"publish","type":"post","link":"https:\/\/www.brennerbasisdemokratie.eu\/?p=23214","title":{"rendered":"Mancino wer?"},"content":{"rendered":"<p>Das Gesetz Nummer 205 vom 25. Juni 1993 besagt, dass Gesten, Slogans und Aktionen sowie die Verwendung von Symbolen, die mit dem Nazi-Faschismus in Verbindung gebracht werden, unter Strafe stehen. Artikel 4 dieses so genannten<em> Legge Mancino<\/em><\/p>\n<blockquote><p>punisce con la reclusione da sei mesi a due anni e con la multa da lire 400.000 a lire 1.000.000 chi pubblicamente esalta esponenti, principi, fatti o metodi del fascismo, oppure le sue finalit\u00e0 antidemocratiche. Se il fatto riguarda idee o metodi razzisti, la pena \u00e8 della reclusione da uno a tre anni e della multa da uno a due milioni.<\/p><\/blockquote>\n<p>Wie unglaublich zahnlos dieses Gesetz ist, belegt die folgende Vice-Dokumentation. Ich wage n\u00e4mlich zu behaupten, dass den Beh\u00f6rden nicht entgangen sein d\u00fcrfte, dass allj\u00e4hrlich tausende Faschisten zum Grabmal Mussolinis nach Predappio pilgern und dort Dinge tun und sagen, die man nicht f\u00fcr m\u00f6glich halten w\u00fcrde.<\/p>\n<p><!--more--><\/p>\n<p><iframe loading=\"lazy\" src=\"\/\/embeds.vice.com\/?playerId=YjMwNmI4YjU2MGM5ZWRjMzRmMjljMjc5&amp;aid=vice.com\/vice-news&amp;vid=BnMjNmaTr8rTjNM0cELxtaT80M9z4c4R&amp;embedCode=BnMjNmaTr8rTjNM0cELxtaT80M9z4c4R&amp;cust_params=embdom%3Dhttp%3A%2F%2Fwww.vice.com%2Fde%2Fvideo%2Fitalienische-faschisten-feiern-benito-mussolini%26topic%3Dnsfw%26aid%3Ditalienische-faschisten-feiern-benito-mussolini%26auth%3DVICE+Staff%26keywords%3DFaschismus%2CItalien%2CBenito+Mussolini%26ac%3Dyes%26country%3Dde%26contentId%3DBnMjNmaTr8rTjNM0cELxtaT80M9z4c4R&amp;ad_rule=1&amp;description_url=http%3A%2F%2Fwww.vice.com%2Fde%2Fvideo%2Fitalienische-faschisten-feiern-benito-mussolini&amp;autoplay=1&amp;share_url=http:\/\/www.vice.com\/de\/video\/italienische-faschisten-feiern-benito-mussolini\" width=\"1000px\" height=\"563px\" frameborder=\"0\" allowfullscreen=\"allowfullscreen\"><\/iframe><\/p>\n<p>Und auch die Doku <a href=\"http:\/\/www.br.de\/radio\/bayern2\/politik\/breitengrad\/italien-mussolini-kult100.html\">&#8220;Viva Mussolini &#8211; Wo der Kult um den Duce noch immer lebendig ist&#8221;<\/a>, die in K\u00fcrze im Bayerischen Rundfunk ausgestrahlt werden wird, d\u00fcrfte diesbez\u00fcglich einige interessante Szenen und Aspekte beinhalten.<\/p>\n<p><strong><span style=\"font-family: Helvetica, Arial, sans-serif; text-transform: uppercase;\">C\u00ebla enghe:<\/span><\/strong> <a title=\"Dux in fundo.\" href=\"http:\/\/www.brennerbasisdemokratie.eu\/?p=233\"><code>01<\/code><\/a>\u00a0<span style=\"font-family: Helvetica, Arial, sans-serif; font-weight: normal;\">||<\/span> <a title=\"Antifaschistische Gesetzgebung versch\u00e4rfen.\" href=\"https:\/\/www.brennerbasisdemokratie.eu\/?p=63101\"><span style=\"color: #ff8c00\"><code>01<\/code><\/span><\/a> <a title=\"Val\u00e8ncia: multe salate a chi esalta il franchismo.\" href=\"https:\/\/www.brennerbasisdemokratie.eu\/?p=66502\"><span style=\"color: #ff8c00\"><code>02<\/code><\/span><\/a><\/p>","protected":false},"excerpt":{"rendered":"<p>Das Gesetz Nummer 205 vom 25. Juni 1993 besagt, dass Gesten, Slogans und Aktionen sowie die Verwendung von Symbolen, die mit dem Nazi-Faschismus in Verbindung gebracht werden, unter Strafe stehen. Artikel 4 dieses so genannten Legge Mancino punisce con la reclusione da sei mesi a due anni e con la multa da lire 400.000 a [&hellip;]<\/p>","protected":false},"author":8,"featured_media":0,"comment_status":"open","ping_status":"open","sticky":false,"template":"","format":"standard","meta":{"_crdt_document":"","ngg_post_thumbnail":0,"_jetpack_memberships_contains_paid_content":false,"footnotes":""},"categories":[1],"tags":[],"class_list":["post-23214","post","type-post","status-publish","format-standard","hentry","category-allgemein","issue-zitac","location-italy","language-deutsch","language-italiano","topic-faschismen","topic-geschichte","topic-medien","topic-politik","topic-recht"],"jetpack_featured_media_url":"","jetpack_sharing_enabled":true,"_links":{"self":[{"href":"https:\/\/www.brennerbasisdemokratie.eu\/index.php?rest_route=\/wp\/v2\/posts\/23214","targetHints":{"allow":["GET"]}}],"collection":[{"href":"https:\/\/www.brennerbasisdemokratie.eu\/index.php?rest_route=\/wp\/v2\/posts"}],"about":[{"href":"https:\/\/www.brennerbasisdemokratie.eu\/index.php?rest_route=\/wp\/v2\/types\/post"}],"author":[{"embeddable":true,"href":"https:\/\/www.brennerbasisdemokratie.eu\/index.php?rest_route=\/wp\/v2\/users\/8"}],"replies":[{"embeddable":true,"href":"https:\/\/www.brennerbasisdemokratie.eu\/index.php?rest_route=%2Fwp%2Fv2%2Fcomments&post=23214"}],"version-history":[{"count":22,"href":"https:\/\/www.brennerbasisdemokratie.eu\/index.php?rest_route=\/wp\/v2\/posts\/23214\/revisions"}],"predecessor-version":[{"id":75882,"href":"https:\/\/www.brennerbasisdemokratie.eu\/index.php?rest_route=\/wp\/v2\/posts\/23214\/revisions\/75882"}],"wp:attachment":[{"href":"https:\/\/www.brennerbasisdemokratie.eu\/index.php?rest_route=%2Fwp%2Fv2%2Fmedia&parent=23214"}],"wp:term":[{"taxonomy":"category","embeddable":true,"href":"https:\/\/www.brennerbasisdemokratie.eu\/index.php?rest_route=%2Fwp%2Fv2%2Fcategories&post=23214"},{"taxonomy":"post_tag","embeddable":true,"href":"https:\/\/www.brennerbasisdemokratie.eu\/index.php?rest_route=%2Fwp%2Fv2%2Ftags&post=23214"}],"curies":[{"name":"wp","href":"https:\/\/api.w.org\/{rel}","templated":true}]}}