{"id":23345,"date":"2015-04-20T19:28:57","date_gmt":"2015-04-20T17:28:57","guid":{"rendered":"http:\/\/www.brennerbasisdemokratie.eu\/?p=23345"},"modified":"2025-06-15T17:50:29","modified_gmt":"2025-06-15T15:50:29","slug":"faschistengruss-in-sportstaetten-erlaubt","status":"publish","type":"post","link":"https:\/\/www.brennerbasisdemokratie.eu\/?p=23345","title":{"rendered":"Faschistengru\u00df in Sportst\u00e4tten erlaubt."},"content":{"rendered":"<p>Ein toskanisches Gericht hat vier Fu\u00dfballfans des <em>FC Hellas Verona<\/em> freigesprochen, die im Jahr 2011 \u2014 so schnell ist die Justiz! \u2014 w\u00e4hrend eines Spiels gegen Livorno den Faschistengru\u00df gezeigt hatten. Gro\u00dfe Teile der Fangemeinde der venetischen Mannschaft sind f\u00fcr ihre rechtsextremistische Gesinnung bekannt. Der einschl\u00e4gige Vorfall war von den \u00dcberwachungskameras im Stadion festgehalten und von der Staatsanwaltschaft verfolgt worden. Richter Angelo Perrone stellte jedoch in seinem umstrittenen <a title=\"Urteil.\" href=\"https:\/\/docs.google.com\/file\/d\/0B79KLBS2jUMgYjY2V0FFdE9BZjA\/view\" target=\"_blank\" rel=\"noopener noreferrer\">Urteil<\/a> fest, dass die Handlung nicht strafbar sei, da unter anderem:<\/p>\n<ul>\n<li>Sportst\u00e4tten normalerweise nicht der Ort seien, wo politische Propaganda gemacht werde;<\/li>\n<li>angesichts der zahlenm\u00e4\u00dfigen Minderheit der vier Fu\u00dfballfans im Vergleich zum gegnerischen Fanblock keine Gefahr der Destabilisierung bestanden habe;<\/li>\n<li>der Faschismus weit zur\u00fcckliege und dies die Stabilit\u00e4t antifaschistischer Werte im rebublikanischen Italien beweise.<\/li>\n<\/ul>\n<p>Gerade letzteres \u00bbArgument\u00ab, das einer verqueren Logik entspringt und bisweilen von Rechtsextremistinnen selbst vorgebracht wird, wenn man ihnen N\u00e4he zum Faschismus bzw. Nationalsozialismus vorwirft, ist wahrlich haarstr\u00e4ubend. Faschismus und Nationalsozialismus sind keine beschr\u00e4nkte historische Epoche und die Zeit allein ist kein Faktor, der das Wiedererstarken \u00e4hnlicher Ideologien erschweren w\u00fcrde. Urteile wie dieses tragen hingegen dazu bei, rechtsextremistische Positionen hoff\u00e4hig zu machen und am Leben zu halten.<\/p>\n<p>Richter Perrone lie\u00df es sich \u00fcbrigens nicht nehmen, die \u00bbDiskriminierungen\u00ab im Faschismus und im Nationalsozialismus ausdr\u00fccklich mit jenen von \u00bbBewegungen umgekehrten Vorzeichens\u00ab in einen Topf zu werfen.<\/p>\n<p><strong><span style=\"font-family: Helvetica, Arial, sans-serif; text-transform: uppercase;\">C\u00ebla enghe:<\/span><\/strong> <a title=\"Faschistengru\u00df ist \u00bbout\u00ab.\" href=\"http:\/\/www.brennerbasisdemokratie.eu\/?p=7144\"><code>01<\/code><\/a> <a title=\"Freispruch f\u00fcr Faschos.\" href=\"http:\/\/www.brennerbasisdemokratie.eu\/?p=18172\"><code>02<\/code><\/a> <a title=\"Mancino wer?\" href=\"http:\/\/www.brennerbasisdemokratie.eu\/?p=23214\"><code>03<\/code><\/a> <a title=\"Dux in fundo.\" href=\"http:\/\/www.brennerbasisdemokratie.eu\/?p=233\"><code>04<\/code><\/a>&nbsp;<span style=\"font-family: Helvetica, Arial, sans-serif; font-weight: normal;\">||<\/span> <a title=\"Hellas Verona in S. Crestina.\" href=\"https:\/\/www.brennerbasisdemokratie.eu\/?p=59620\"><span style=\"color: #ff8c00\"><code>01<\/code><\/span><\/a> <a title=\"Antifaschistische Gesetzgebung versch\u00e4rfen.\" href=\"https:\/\/www.brennerbasisdemokratie.eu\/?p=63101\"><span style=\"color: #ff8c00\"><code>02<\/code><\/span><\/a> <a title=\"Faschistengru\u00df: Alles kann, nichts muss.\" href=\"https:\/\/www.brennerbasisdemokratie.eu\/?p=83171\" rel=\"\"><span style=\"color: #ff8c00\"><code>03<\/code><\/span><\/a> <a title=\"Acca Larentia: VwG hebt Platzverweise auf.\" href=\"https:\/\/www.brennerbasisdemokratie.eu\/?p=92812\"><span style=\"color: #ff8c00\"><code>04<\/code><\/span><\/a><\/p>","protected":false},"excerpt":{"rendered":"<p>Ein toskanisches Gericht hat vier Fu\u00dfballfans des FC Hellas Verona freigesprochen, die im Jahr 2011 \u2014 so schnell ist die Justiz! \u2014 w\u00e4hrend eines Spiels gegen Livorno den Faschistengru\u00df gezeigt hatten. Gro\u00dfe Teile der Fangemeinde der venetischen Mannschaft sind f\u00fcr ihre rechtsextremistische Gesinnung bekannt. Der einschl\u00e4gige Vorfall war von den \u00dcberwachungskameras im Stadion festgehalten und [&hellip;]<\/p>","protected":false},"author":1,"featured_media":0,"comment_status":"open","ping_status":"open","sticky":false,"template":"","format":"standard","meta":{"_crdt_document":"","ngg_post_thumbnail":0,"_jetpack_memberships_contains_paid_content":false,"footnotes":""},"categories":[1],"tags":[],"class_list":["post-23345","post","type-post","status-publish","format-standard","hentry","category-allgemein","issue-geschichtsaufarbeitung","location-italy","location-venetien","language-deutsch","topic-faschismen","topic-justiz","topic-politik","topic-recht","topic-sport","topic-symbolik"],"jetpack_featured_media_url":"","jetpack_sharing_enabled":true,"_links":{"self":[{"href":"https:\/\/www.brennerbasisdemokratie.eu\/index.php?rest_route=\/wp\/v2\/posts\/23345","targetHints":{"allow":["GET"]}}],"collection":[{"href":"https:\/\/www.brennerbasisdemokratie.eu\/index.php?rest_route=\/wp\/v2\/posts"}],"about":[{"href":"https:\/\/www.brennerbasisdemokratie.eu\/index.php?rest_route=\/wp\/v2\/types\/post"}],"author":[{"embeddable":true,"href":"https:\/\/www.brennerbasisdemokratie.eu\/index.php?rest_route=\/wp\/v2\/users\/1"}],"replies":[{"embeddable":true,"href":"https:\/\/www.brennerbasisdemokratie.eu\/index.php?rest_route=%2Fwp%2Fv2%2Fcomments&post=23345"}],"version-history":[{"count":11,"href":"https:\/\/www.brennerbasisdemokratie.eu\/index.php?rest_route=\/wp\/v2\/posts\/23345\/revisions"}],"predecessor-version":[{"id":92820,"href":"https:\/\/www.brennerbasisdemokratie.eu\/index.php?rest_route=\/wp\/v2\/posts\/23345\/revisions\/92820"}],"wp:attachment":[{"href":"https:\/\/www.brennerbasisdemokratie.eu\/index.php?rest_route=%2Fwp%2Fv2%2Fmedia&parent=23345"}],"wp:term":[{"taxonomy":"category","embeddable":true,"href":"https:\/\/www.brennerbasisdemokratie.eu\/index.php?rest_route=%2Fwp%2Fv2%2Fcategories&post=23345"},{"taxonomy":"post_tag","embeddable":true,"href":"https:\/\/www.brennerbasisdemokratie.eu\/index.php?rest_route=%2Fwp%2Fv2%2Ftags&post=23345"}],"curies":[{"name":"wp","href":"https:\/\/api.w.org\/{rel}","templated":true}]}}