{"id":23505,"date":"2015-05-05T23:15:32","date_gmt":"2015-05-05T21:15:32","guid":{"rendered":"http:\/\/www.brennerbasisdemokratie.eu\/?p=23505"},"modified":"2020-03-04T12:17:54","modified_gmt":"2020-03-04T11:17:54","slug":"ohne-abkommen-kein-auskommen","status":"publish","type":"post","link":"https:\/\/www.brennerbasisdemokratie.eu\/?p=23505","title":{"rendered":"Ohne Abkommen kein Auskommen."},"content":{"rendered":"<p>Bereits Mitte April <a href=\"http:\/\/www.brennerbasisdemokratie.eu\/?p=23251\">wurde angek\u00fcndigt<\/a>, dass der urspr\u00fcnglich <a href=\"http:\/\/www.brennerbasisdemokratie.eu\/?p=22061\">f\u00fcr Jahresbeginn angek\u00fcndigte Skiurlaub<\/a> des italienischen Ministerpr\u00e4sidenten Renzi auf April verschoben w\u00fcrde \u2014 dann halt ohne Ski und Urlaub, aber praktischerweise etwas n\u00e4her an der Gemeindewahl. Heute war es dann so weit, dass es soweit war und der per Staatsflug nach Bozen Gereiste endlich auch <em>sein<\/em> ganz pers\u00f6nliches Abkommen entgegennehmen konnte.<\/p>\n<p>Der Vorteil des nun \u00bbAgenda\u00ab getauften Zettels ist im Unterschied zu Bersanis Wahlvertrag und <a title=\"Bozner Fresszettel.\" href=\"https:\/\/www.brennerbasisdemokratie.eu\/?p=16372\">Lettas Memorandum<\/a>, dass man sich die M\u00fche einer Unterzeichnung sparen konnte. Eine medienwirksame \u00dcberreichung durch die Landeshauptleute war v\u00f6llig ausreichend. Sicher, die Agenda ist nicht mehr wert, als ein Brief oder eine SMS, wie sie wohl fast t\u00e4glich zwischen Renzi und Kompatscher zirkulieren, doch die kann man eben nicht so sch\u00f6n zelebrieren.<\/p>\n<p>Zu soviel Kreativit\u00e4t und Unverfrorenheit, nicht umgesetzte Wahlversprechen zun\u00e4chst in einem Memorandum aufzugreifen, um sie dann noch einmal in eine Agenda zu packen \u2014 und das auch noch als Erfolg zu verkaufen \u2014 kann man eigentlich nur gratulieren.<\/p>\n<p>Das Timing war ja ohnehin wieder einmal gro\u00dfartig: So wie das Abkommen mit Bersani im Vorfeld der Parlamentswahl und das Memorandum mit Letta vor der Landtagswahl unterzeichnet worden war, sind es jetzt nur f\u00fcnf Tage bis zur Gemeindewahl.<\/p>\n<p>Wahlhilfe aus Rom w\u00e4re f\u00fcr eine autonomistische Partei noch vor wenigen Jahren ein <em>No Go<\/em> gewesen \u2014 nur <em>Forza Italia<\/em> und Konsorten lie\u00dfen damals flei\u00dfig ihre Berlusconis und Brunettas einfliegen. Sp\u00e4testens seit Monti lechzt aber die verunsicherte S\u00fcdtiroler Seele nach st\u00e4ndiger Best\u00e4tigung, dass man uns <a href=\"http:\/\/www.brennerbasisdemokratie.eu\/?p=22110\">(bis auf ein paar Milliarden)<\/a> nichts wegnehmen werde, die <abbr title=\"S\u00fcdtiroler Volkspartei\">SVP<\/abbr> alles richtig mache und man uns in Rom auch noch die Daumen dr\u00fccke. Dass die SVP dabei immer mehr einem regionalen Ableger des <abbr title=\"Partito Democratico\">PD<\/abbr> gleicht, ist nur eine logische Konsequenz.<\/p>","protected":false},"excerpt":{"rendered":"<p>Bereits Mitte April wurde angek\u00fcndigt, dass der urspr\u00fcnglich f\u00fcr Jahresbeginn angek\u00fcndigte Skiurlaub des italienischen Ministerpr\u00e4sidenten Renzi auf April verschoben w\u00fcrde \u2014 dann halt ohne Ski und Urlaub, aber praktischerweise etwas n\u00e4her an der Gemeindewahl. Heute war es dann so weit, dass es soweit war und der per Staatsflug nach Bozen Gereiste endlich auch sein ganz [&hellip;]<\/p>","protected":false},"author":1,"featured_media":0,"comment_status":"open","ping_status":"open","sticky":false,"template":"","format":"standard","meta":{"_crdt_document":"","ngg_post_thumbnail":0,"_jetpack_memberships_contains_paid_content":false,"footnotes":""},"categories":[1],"tags":[],"class_list":["post-23505","post","type-post","status-publish","format-standard","hentry","category-allgemein","entity-pd","entity-svp","location-italy","location-sudtirolo","language-deutsch","person-arno-kompatscher","person-enrico-letta","person-mario-monti","person-matteo-renzi","person-silvio-berlusconi","topic-politik","topic-vorzeigeautonomie","topic-zentralismus"],"jetpack_featured_media_url":"","jetpack_sharing_enabled":true,"_links":{"self":[{"href":"https:\/\/www.brennerbasisdemokratie.eu\/index.php?rest_route=\/wp\/v2\/posts\/23505","targetHints":{"allow":["GET"]}}],"collection":[{"href":"https:\/\/www.brennerbasisdemokratie.eu\/index.php?rest_route=\/wp\/v2\/posts"}],"about":[{"href":"https:\/\/www.brennerbasisdemokratie.eu\/index.php?rest_route=\/wp\/v2\/types\/post"}],"author":[{"embeddable":true,"href":"https:\/\/www.brennerbasisdemokratie.eu\/index.php?rest_route=\/wp\/v2\/users\/1"}],"replies":[{"embeddable":true,"href":"https:\/\/www.brennerbasisdemokratie.eu\/index.php?rest_route=%2Fwp%2Fv2%2Fcomments&post=23505"}],"version-history":[{"count":14,"href":"https:\/\/www.brennerbasisdemokratie.eu\/index.php?rest_route=\/wp\/v2\/posts\/23505\/revisions"}],"predecessor-version":[{"id":55287,"href":"https:\/\/www.brennerbasisdemokratie.eu\/index.php?rest_route=\/wp\/v2\/posts\/23505\/revisions\/55287"}],"wp:attachment":[{"href":"https:\/\/www.brennerbasisdemokratie.eu\/index.php?rest_route=%2Fwp%2Fv2%2Fmedia&parent=23505"}],"wp:term":[{"taxonomy":"category","embeddable":true,"href":"https:\/\/www.brennerbasisdemokratie.eu\/index.php?rest_route=%2Fwp%2Fv2%2Fcategories&post=23505"},{"taxonomy":"post_tag","embeddable":true,"href":"https:\/\/www.brennerbasisdemokratie.eu\/index.php?rest_route=%2Fwp%2Fv2%2Ftags&post=23505"}],"curies":[{"name":"wp","href":"https:\/\/api.w.org\/{rel}","templated":true}]}}