{"id":23591,"date":"2015-05-10T19:13:13","date_gmt":"2015-05-10T17:13:13","guid":{"rendered":"http:\/\/www.brennerbasisdemokratie.eu\/?p=23591"},"modified":"2025-09-29T15:22:07","modified_gmt":"2025-09-29T13:22:07","slug":"gemeinderatswahlen-2015","status":"publish","type":"post","link":"https:\/\/www.brennerbasisdemokratie.eu\/?p=23591","title":{"rendered":"Gemeinderatswahlen 2015."},"content":{"rendered":"<p><strong>+++ Unerwartet deutlicher Wandel +++ Verluste f\u00fcr die <abbr title=\"S\u00fcdtiroler Volkspartei\">SVP<\/abbr> +++<\/strong><\/p>\n<ul>\n<li>In 109 von 116 S\u00fcdtiroler Gemeinden wurden am heutigen Sonntag, den 10. Mai B\u00fcrgermeisterinnen und Gemeinderat neu gew\u00e4hlt. Die SVP war als einzige Partei in s\u00e4mtlichen Gemeinden angetreten.<\/li>\n<li>Unter anderem von den Wahlen betroffen waren die St\u00e4dte Bozen, Meran, Brixen, Sterzing, Klausen, Leifers und Glurns, wohingegen in Bruneck nach dem Einzug des damaligen B\u00fcrgermeisters Christian Tschurtschenthaler in den Landtag bereits 2014 Neuwahlen stattgefunden hatten.<\/li>\n<li>Im Vergleich zu vor f\u00fcnf Jahren wurden die Wahllokale diesmal eine Stunde fr\u00fcher geschlossen, also bereits um 21.00 Uhr. Die Ausz\u00e4hlung begann unmittelbar nach Beendigung der Wahlhandlungen.<\/li>\n<li>W\u00e4hrend um 11.00 Uhr (18,4%) noch eine landesweit h\u00f6here Wahlbeteiligung registriert wurde als vor f\u00fcnf Jahren, war dies um 17.00 Uhr (41,7%) und bei Schlie\u00dfung der Wahllokale um 21.00 Uhr (66,9%) nicht mehr der Fall. Fast alle Gemeinden verzeichneten ein Minus, insgesamt zeugt ein R\u00fcckgang von rund 10% von zunehmender <a href=\"http:\/\/www.brennerbasisdemokratie.eu\/?p=22801\">Politikverdrossenheit<\/a>.<\/li>\n<li>Mit Spannung wurde unter anderem erwartet, wie die W\u00e4hlerinnen in den Bezirken Vinschau und S\u00fcdtiroler Wipptal sowie im Unterbezirk Hochpustertal auf die heftig umstrittenen K\u00fcrzungen an den jeweiligen Krankenh\u00e4usern reagieren w\u00fcrden.<\/li>\n<\/ul>\n<p><strong>Ergebnisse:<\/strong><\/p>\n<ul>\n<li>In <strong>Urtij\u00ebi<\/strong> (St. Ulrich), wo die SVP als einzige Partei angetreten war, und f\u00fcr 18 Gemeinderatssitze nur 17 Kandidaten aufgestellt hatte, w\u00e4re eine Mindestwahlbeteiligung von 50% der Berechtigten erforderlich gewesen, die jedoch verfehlt wurde. Statt eines B\u00fcrgermeisters wird nun vor\u00fcbergehend ein Kommiss\u00e4r die Geschicke der bev\u00f6lkerungsreichsten ladinischen Gemeinde leiten.<\/li>\n<li>Fritz Karl Messner, von der SVP ausgeschlossener B\u00fcrgermeister von <strong>Sterzing<\/strong>, bleibt im Amt. Seine B\u00fcrgerliste <em>F\u00fcr Sterzing\/Wipptal<\/em> verfehlt die 50%-Marke nur knapp, die SVP sackt deutlich ab.<\/li>\n<li><a href=\"http:\/\/www.brennerbasisdemokratie.eu\/?p=13812\">Werner Tschurtschenthaler<\/a> verliert das Amt als erster B\u00fcrger <strong>Innichen<\/strong>s an die Kandidatin der <em>B\u00fcrgerliste<\/em>. Die SVP h\u00e4lt jedoch weiterhin die Mehrheit im Gemeinderat.<\/li>\n<li>Peter Brunner wird im ersten Wahlgang zum B\u00fcrgermeister von <strong>Brixen<\/strong> gew\u00e4hlt. Seine Partei, die SVP, legt zu und erlangt die absolute Sitzmehrheit im Gemeinderat. Die Freiheitlichen, die wenigstens auf eine Stichwahl gehofft hatten, bleiben sogar unter dem Ergebnis von 2010.<\/li>\n<li>In <strong>Meran<\/strong> gelingt Paul R\u00f6sch <em>(Gr\u00fcne\/Liste R\u00f6sch)<\/em> ein Achtungserfolg. Er zwingt den skandalumwitterten SVP-Kandidat Gerhard Gruber in die Stichwahl.<\/li>\n<li>Die SVP verliert in <strong>Bozen<\/strong> 20% und in <strong>Meran<\/strong> 30% ihres W\u00e4hleranteils, w\u00e4hrend die rechtsradikale <em>Lega Nord<\/em> in beiden St\u00e4dten ihre Anteile verdoppelt. In <strong>Leifers<\/strong> und Bozen wird die Partei von Matteo Salvini jeweils drittst\u00e4rkste Kraft.<\/li>\n<li><strong>Bozen<\/strong> best\u00e4tigt sich als Hochburg der Rechten und Rechtsextremisten, die insgesamt <em>(Lega, AAnC, Unitalia, CasaPound, Fratelli d&#8217;Italia, Forza Italia, Benussi)<\/em> auf 31,4% der Stimmen kommen. Besorgniserregend ist insbesondere der Einzug der deklariert faschistischen und gewaltbereiten <em>CasaPound<\/em> in den Gemeinderat.<\/li>\n<li>Die SVP verliert auch <strong>S\u00eblva<\/strong> (Wolkenstein), wo der fr\u00fchere B\u00fcrgermeister Roland Demetz <em>(Lista di Zitadins)<\/em> sich das Amt zur\u00fcckholt.<\/li>\n<li>Mit einem Vorsprung von nur vier Stimmen kann sich in der Gemeinde <strong>Natz-Schabs<\/strong> der Kandidat der <em>B\u00fcrgerliste<\/em>, Andreas Unterkircher, gegen den bisherigen SVP-B\u00fcrgermeister Peter Gasser durchsetzen. Die SVP stellt jedoch weiterhin die Mehrheit im Gemeinderat.<\/li>\n<li>Kurt Ploner bleibt nach seinem Ausschluss aus der SVP B\u00fcrgermeister von <strong>Niederdorf<\/strong> \u2014 diesmal f\u00fcr die B\u00fcrgerliste <em>Niederdorf bewegen<\/em>. Der SVP-Kandidat Johann Passler wird gar nur dritter, im Gemeinderat sackt die Sammelpartei von 66,8% auf 14,0% ab.<\/li>\n<li>In <strong>Freienfeld<\/strong> wird Peter Feistnauer von der <em>Freien Liste<\/em> B\u00fcrgermeister, in <strong>Prad am Stilfserjoch<\/strong> erringt die Liste <em>Gemeinsam f\u00fcr Prad<\/em> das h\u00f6chste Amt.<\/li>\n<li><strong>Eppan<\/strong> bleibt unter der F\u00fchrung von Wilfried Trettl <em>(B\u00fcrgerliste)<\/em>, in <strong>Toblach<\/strong> wird Guido Bocher <em>(Unabh\u00e4ngige)<\/em> mit 77% der Stimmen best\u00e4tigt.<\/li>\n<li>Nur knapp konnte sich in <strong>M\u00fchlbach<\/strong> der SVP-Kandidat Christof Prugger gegen die freiheitliche Konkurrenz durchsetzen.<\/li>\n<li>In <strong>Salurn<\/strong> erringt Roland Lazzeri mit 52,3% erstaunlich deutlich den B\u00fcrgermeistersessel f\u00fcr die SVP. Das Dorf an der Sprachgrenze hat somit seit vielen Jahrzehnten erstmals wieder einen deutschsprachigen B\u00fcrgermeister.<\/li>\n<\/ul>","protected":false},"excerpt":{"rendered":"<p>+++ Unerwartet deutlicher Wandel +++ Verluste f\u00fcr die SVP +++ In 109 von 116 S\u00fcdtiroler Gemeinden wurden am heutigen Sonntag, den 10. Mai B\u00fcrgermeisterinnen und Gemeinderat neu gew\u00e4hlt. Die SVP war als einzige Partei in s\u00e4mtlichen Gemeinden angetreten. Unter anderem von den Wahlen betroffen waren die St\u00e4dte Bozen, Meran, Brixen, Sterzing, Klausen, Leifers und Glurns, [&hellip;]<\/p>","protected":false},"author":1,"featured_media":0,"comment_status":"open","ping_status":"open","sticky":false,"template":"","format":"standard","meta":{"_crdt_document":"","ngg_post_thumbnail":0,"_jetpack_memberships_contains_paid_content":false,"footnotes":""},"categories":[1],"tags":[],"class_list":["post-23591","post","type-post","status-publish","format-standard","hentry","category-allgemein","entity-cpi","entity-fdi","entity-fi","entity-freiheitliche","entity-gemeinde-bozen","entity-gemeinde-meran","entity-lega","entity-pd","entity-pdl","entity-svp","entity-unitalia","entity-verc","issue-gemeindewahl-2015","location-sudtirolo","language-deutsch","person-giovanni-benussi","person-peter-brunner","topic-democrazia","topic-faschismen","topic-mitbestimmung","topic-politik","topic-termin"],"jetpack_featured_media_url":"","jetpack_sharing_enabled":true,"_links":{"self":[{"href":"https:\/\/www.brennerbasisdemokratie.eu\/index.php?rest_route=\/wp\/v2\/posts\/23591","targetHints":{"allow":["GET"]}}],"collection":[{"href":"https:\/\/www.brennerbasisdemokratie.eu\/index.php?rest_route=\/wp\/v2\/posts"}],"about":[{"href":"https:\/\/www.brennerbasisdemokratie.eu\/index.php?rest_route=\/wp\/v2\/types\/post"}],"author":[{"embeddable":true,"href":"https:\/\/www.brennerbasisdemokratie.eu\/index.php?rest_route=\/wp\/v2\/users\/1"}],"replies":[{"embeddable":true,"href":"https:\/\/www.brennerbasisdemokratie.eu\/index.php?rest_route=%2Fwp%2Fv2%2Fcomments&post=23591"}],"version-history":[{"count":42,"href":"https:\/\/www.brennerbasisdemokratie.eu\/index.php?rest_route=\/wp\/v2\/posts\/23591\/revisions"}],"predecessor-version":[{"id":91765,"href":"https:\/\/www.brennerbasisdemokratie.eu\/index.php?rest_route=\/wp\/v2\/posts\/23591\/revisions\/91765"}],"wp:attachment":[{"href":"https:\/\/www.brennerbasisdemokratie.eu\/index.php?rest_route=%2Fwp%2Fv2%2Fmedia&parent=23591"}],"wp:term":[{"taxonomy":"category","embeddable":true,"href":"https:\/\/www.brennerbasisdemokratie.eu\/index.php?rest_route=%2Fwp%2Fv2%2Fcategories&post=23591"},{"taxonomy":"post_tag","embeddable":true,"href":"https:\/\/www.brennerbasisdemokratie.eu\/index.php?rest_route=%2Fwp%2Fv2%2Ftags&post=23591"}],"curies":[{"name":"wp","href":"https:\/\/api.w.org\/{rel}","templated":true}]}}