{"id":23690,"date":"2015-05-15T18:18:47","date_gmt":"2015-05-15T16:18:47","guid":{"rendered":"http:\/\/www.brennerbasisdemokratie.eu\/?p=23690"},"modified":"2023-07-12T09:50:35","modified_gmt":"2023-07-12T07:50:35","slug":"wahlkampf-auf-kosten-der-aermsten","status":"publish","type":"post","link":"https:\/\/www.brennerbasisdemokratie.eu\/?p=23690","title":{"rendered":"Nach rechts abgedriftet."},"content":{"rendered":"<p>Menschen auf der Flucht, die in Bozen gelandet sind, m\u00fcssen auch noch f\u00fcr den kleingeistigen Gemeinderats- und B\u00fcrgermeisterwahlkampf herhalten. Sowohl die rechten, als auch die weniger rechten Rechten missbrauchen die Not der Gefl\u00fcchteten f\u00fcr ihre Zwecke und schrecken nicht davor zur\u00fcck, diejenigen anzugreifen, die Hilfe anbieten.<\/p>\n<p>In einem normalen Land m\u00fcsste sich B\u00fcrgermeister Spagnolli l\u00e4ngst f\u00fcr <a href=\"http:\/\/www.brennerbasisdemokratie.eu\/?p=23630\">sein Foto mit Neonazis<\/a> rechtfertigen, wom\u00f6glich auch seinen Hut nehmen. Bei den wiederaufgenommenen Koalitionsgespr\u00e4chen mit Linken und <em>Gr\u00fcnen<\/em> scheint seine abermalige Entgleisung aber nicht einmal eine Rolle zu spielen. Stattdessen fahren Spagnolli und Koalitionspartner Rudi Benedikter v\u00f6llig unverst\u00e4ndliche Tiraden gegen Benko und die Landesspitze, die sich schuldig gemacht haben sollen, Gefl\u00fcchteten im Hotel <em>Alpi<\/em> eine vorl\u00e4ufige, einigerma\u00dfen menschenw\u00fcrdige Unterkunft organisiert zu haben.<\/p>\n<p>Landesr\u00e4tin Martha Stocker hatte k\u00fcrzlich \u2014 <a href=\"http:\/\/www.brennerbasisdemokratie.eu\/?p=23429\">nach langer Unt\u00e4tigkeit<\/a> \u2014 die Bezirksgemeinschaften dazu aufgefordert, ihr eine Aufstellung von Unterbringungsm\u00f6glichkeiten zukommen zu lassen. Traurig genug: Die prompte R\u00fcckmeldung ergab, dass es angeblich (!) nur in 6 von 116 Gemeinden geeignete Unterk\u00fcnfte gibt; und das in einem Land, das seine Tore f\u00fcr wohlhabende G\u00e4ste ganz weit \u00f6ffnet. Kann sich hier eigentlich noch jemand an die unselige Option erinnern, als tausende S\u00fcdtirolerinnen, beileibe nicht nur \u00fcberzeugte Nazis, das Land auf der Flucht vor faschistischer Unterdr\u00fcckung verlie\u00dfen?<\/p>\n<p>Und nun f\u00e4llt auch Mittelinksvertretern nichts anderes ein, Zustimmungsverluste darauf zur\u00fcckzuf\u00fchren, dass Menschen ansatzweise wie Menschen behandelt werden \u2014 anstatt froh zu sein, dass Benko (wie auch immer man zu seinen Projekten stehen mag) das vorerst nicht ben\u00f6tigte Hotel <em>Alpi<\/em> kostenlos zur Verf\u00fcgung stellt.<\/p>\n<p>Die Frage liegt nahe: Unterscheidet sich \u00bblinke\u00ab Politik in Bozen eigentlich noch von rechter Politik? Spagnolli und Benedikter m\u00fcssen jetzt wohl sogar dankbar sein, dass Bonazza, Benussi und Co. das Spektrum im Gemeinderat weit nach rechts verschoben haben \u2014 schlie\u00dflich ist es dadurch nicht ganz so schwierig, als \u00bblinks\u00ab wahrgenommen zu werden.<\/p>\n<p>Doch von Urz\u00ec unterscheidet man sich in Punkto Ausl\u00e4nderfeindlichkeit wohl kaum noch. Wenn man sich aber als Linke, um eine Wahl zu gewinnen, so weit nach Rechts begeben \u00bbmuss\u00ab: W\u00e4re es dann nicht sinnvoller und ehrlicher, diesen Job den Rechten zu \u00fcberlassen und sich stattdessen auf gute linke Oppositionsarbeit zu konzentrieren? Die fehlende Bereitschaft hierzu ist wohl der Grund, warum in Bozen auch die Linke oft zu \u00bbhei\u00dfen Eisen\u00ab (Militarismus, Faschismus etc.) keine linke Position einnimmt.<\/p>\n<p><strong><span style=\"font-family: Helvetica, Arial, sans-serif; text-transform: uppercase;\">C\u00ebla enghe:<\/span><\/strong> <a title=\"Dunkle Zeiten.\" href=\"http:\/\/www.brennerbasisdemokratie.eu\/?p=44244\"><span style=\"color: #ff8c00\"><code>01<\/code><\/span><\/a><\/p>","protected":false},"excerpt":{"rendered":"<p>Menschen auf der Flucht, die in Bozen gelandet sind, m\u00fcssen auch noch f\u00fcr den kleingeistigen Gemeinderats- und B\u00fcrgermeisterwahlkampf herhalten. Sowohl die rechten, als auch die weniger rechten Rechten missbrauchen die Not der Gefl\u00fcchteten f\u00fcr ihre Zwecke und schrecken nicht davor zur\u00fcck, diejenigen anzugreifen, die Hilfe anbieten. In einem normalen Land m\u00fcsste sich B\u00fcrgermeister Spagnolli l\u00e4ngst [&hellip;]<\/p>","protected":false},"author":1,"featured_media":0,"comment_status":"open","ping_status":"open","sticky":false,"template":"","format":"standard","meta":{"_crdt_document":"","ngg_post_thumbnail":0,"_jetpack_memberships_contains_paid_content":false,"footnotes":""},"categories":[1],"tags":[],"class_list":["post-23690","post","type-post","status-publish","format-standard","hentry","category-allgemein","entity-cpi","entity-gemeinde-bozen","entity-pd","entity-svp","entity-verc","issue-sx-di-dx","location-sudtirolo","language-deutsch","person-alessandro-urzi","person-andrea-bonazza","person-giovanni-benussi","person-luigi-spagnolli","person-martha-stocker","person-rudi-benedikter","topic-faschismen","topic-migraziun","topic-politik","topic-racism","topic-solidariete","topic-soziales"],"jetpack_featured_media_url":"","jetpack_sharing_enabled":true,"_links":{"self":[{"href":"https:\/\/www.brennerbasisdemokratie.eu\/index.php?rest_route=\/wp\/v2\/posts\/23690","targetHints":{"allow":["GET"]}}],"collection":[{"href":"https:\/\/www.brennerbasisdemokratie.eu\/index.php?rest_route=\/wp\/v2\/posts"}],"about":[{"href":"https:\/\/www.brennerbasisdemokratie.eu\/index.php?rest_route=\/wp\/v2\/types\/post"}],"author":[{"embeddable":true,"href":"https:\/\/www.brennerbasisdemokratie.eu\/index.php?rest_route=\/wp\/v2\/users\/1"}],"replies":[{"embeddable":true,"href":"https:\/\/www.brennerbasisdemokratie.eu\/index.php?rest_route=%2Fwp%2Fv2%2Fcomments&post=23690"}],"version-history":[{"count":14,"href":"https:\/\/www.brennerbasisdemokratie.eu\/index.php?rest_route=\/wp\/v2\/posts\/23690\/revisions"}],"predecessor-version":[{"id":79306,"href":"https:\/\/www.brennerbasisdemokratie.eu\/index.php?rest_route=\/wp\/v2\/posts\/23690\/revisions\/79306"}],"wp:attachment":[{"href":"https:\/\/www.brennerbasisdemokratie.eu\/index.php?rest_route=%2Fwp%2Fv2%2Fmedia&parent=23690"}],"wp:term":[{"taxonomy":"category","embeddable":true,"href":"https:\/\/www.brennerbasisdemokratie.eu\/index.php?rest_route=%2Fwp%2Fv2%2Fcategories&post=23690"},{"taxonomy":"post_tag","embeddable":true,"href":"https:\/\/www.brennerbasisdemokratie.eu\/index.php?rest_route=%2Fwp%2Fv2%2Ftags&post=23690"}],"curies":[{"name":"wp","href":"https:\/\/api.w.org\/{rel}","templated":true}]}}