{"id":24039,"date":"2015-06-09T14:36:19","date_gmt":"2015-06-09T12:36:19","guid":{"rendered":"http:\/\/www.brennerbasisdemokratie.eu\/?p=24039"},"modified":"2021-01-09T21:47:29","modified_gmt":"2021-01-09T20:47:29","slug":"die-loesung","status":"publish","type":"post","link":"https:\/\/www.brennerbasisdemokratie.eu\/?p=24039","title":{"rendered":"Die L\u00f6sung."},"content":{"rendered":"<blockquote><p><img loading=\"lazy\" decoding=\"async\" class=\"alignnone size-full wp-image-24045\" src=\"http:\/\/www.brennerbasisdemokratie.eu\/wp-content\/uploads\/2015\/06\/waffenexport102-_v-videowebl.jpg\" alt=\"Waffenexporteure\" width=\"960\" height=\"544\" srcset=\"https:\/\/www.brennerbasisdemokratie.eu\/wp-content\/uploads\/2015\/06\/waffenexport102-_v-videowebl.jpg 960w, https:\/\/www.brennerbasisdemokratie.eu\/wp-content\/uploads\/2015\/06\/waffenexport102-_v-videowebl-500x283.jpg 500w, https:\/\/www.brennerbasisdemokratie.eu\/wp-content\/uploads\/2015\/06\/waffenexport102-_v-videowebl-800x453.jpg 800w\" sizes=\"auto, (max-width: 960px) 100vw, 960px\" \/><\/p><\/blockquote>\n<p>Zum Thema &#8220;Fl\u00fcchtlingsproblem&#8221; werden Politgipfel abgehalten, schreiben sich Legionen von Journalisten die Finger wund und kopfen Experten in und au\u00dferhalb von Fernsehtalkshows \u00fcber L\u00f6sungen. Die vorgeschlagenen Ma\u00dfnahmen f\u00fcllen europaweit inzwischen tausende Seiten Papier. Komplizierte Verfahren und Verteilungsschl\u00fcssel wurden erdacht und wieder verworfen.<\/p>\n<p>Dabei w\u00e4re die L\u00f6sung \u2014 vorausgesetzt man ist ein hoffnungslos naiver Utopist wie ich es bin \u2014 so einfach. Es gen\u00fcgt ein einziger Satz, der verbindlich festgeschrieben wird:<\/p>\n<p><strong>Wir verteilen die Fl\u00fcchtlinge einzig und allein auf Basis des Umsatzes, den die Waffenindustrie eines Landes in den Kriegs- und Krisengebieten dieser Welt gemacht hat.<\/strong><\/p>\n<p>Problem gel\u00f6st.<\/p>","protected":false},"excerpt":{"rendered":"<p>Zum Thema &#8220;Fl\u00fcchtlingsproblem&#8221; werden Politgipfel abgehalten, schreiben sich Legionen von Journalisten die Finger wund und kopfen Experten in und au\u00dferhalb von Fernsehtalkshows \u00fcber L\u00f6sungen. Die vorgeschlagenen Ma\u00dfnahmen f\u00fcllen europaweit inzwischen tausende Seiten Papier. Komplizierte Verfahren und Verteilungsschl\u00fcssel wurden erdacht und wieder verworfen. Dabei w\u00e4re die L\u00f6sung \u2014 vorausgesetzt man ist ein hoffnungslos naiver Utopist wie [&hellip;]<\/p>","protected":false},"author":8,"featured_media":0,"comment_status":"open","ping_status":"open","sticky":false,"template":"","format":"standard","meta":{"_crdt_document":"","ngg_post_thumbnail":0,"_jetpack_memberships_contains_paid_content":false,"footnotes":""},"categories":[1],"tags":[],"class_list":["post-24039","post","type-post","status-publish","format-standard","hentry","category-allgemein","entity-eu","language-deutsch","topic-feuilleton","topic-migraziun","topic-militar","topic-solidariete","topic-statistik"],"jetpack_featured_media_url":"","jetpack_sharing_enabled":true,"_links":{"self":[{"href":"https:\/\/www.brennerbasisdemokratie.eu\/index.php?rest_route=\/wp\/v2\/posts\/24039","targetHints":{"allow":["GET"]}}],"collection":[{"href":"https:\/\/www.brennerbasisdemokratie.eu\/index.php?rest_route=\/wp\/v2\/posts"}],"about":[{"href":"https:\/\/www.brennerbasisdemokratie.eu\/index.php?rest_route=\/wp\/v2\/types\/post"}],"author":[{"embeddable":true,"href":"https:\/\/www.brennerbasisdemokratie.eu\/index.php?rest_route=\/wp\/v2\/users\/8"}],"replies":[{"embeddable":true,"href":"https:\/\/www.brennerbasisdemokratie.eu\/index.php?rest_route=%2Fwp%2Fv2%2Fcomments&post=24039"}],"version-history":[{"count":8,"href":"https:\/\/www.brennerbasisdemokratie.eu\/index.php?rest_route=\/wp\/v2\/posts\/24039\/revisions"}],"predecessor-version":[{"id":62970,"href":"https:\/\/www.brennerbasisdemokratie.eu\/index.php?rest_route=\/wp\/v2\/posts\/24039\/revisions\/62970"}],"wp:attachment":[{"href":"https:\/\/www.brennerbasisdemokratie.eu\/index.php?rest_route=%2Fwp%2Fv2%2Fmedia&parent=24039"}],"wp:term":[{"taxonomy":"category","embeddable":true,"href":"https:\/\/www.brennerbasisdemokratie.eu\/index.php?rest_route=%2Fwp%2Fv2%2Fcategories&post=24039"},{"taxonomy":"post_tag","embeddable":true,"href":"https:\/\/www.brennerbasisdemokratie.eu\/index.php?rest_route=%2Fwp%2Fv2%2Ftags&post=24039"}],"curies":[{"name":"wp","href":"https:\/\/api.w.org\/{rel}","templated":true}]}}