{"id":24052,"date":"2015-06-10T14:36:35","date_gmt":"2015-06-10T12:36:35","guid":{"rendered":"http:\/\/www.brennerbasisdemokratie.eu\/?p=24052"},"modified":"2025-09-19T15:12:12","modified_gmt":"2025-09-19T13:12:12","slug":"adolfh-diktaturen-und-immunschwaeche","status":"publish","type":"post","link":"https:\/\/www.brennerbasisdemokratie.eu\/?p=24052","title":{"rendered":"\u203aAdolfh\u2039, Diktaturen und Immunschw\u00e4che."},"content":{"rendered":"<p>Dass Bozen ein Hort des Neofaschismus\u2019 ist, wissen wir seit Jahren. Dass in letzter Zeit immer mehr <a title=\"Widerstandsloses Bozen.\" href=\"http:\/\/www.brennerbasisdemokratie.eu\/?p=23630\">Widerst\u00e4nde gebrochen sind<\/a> und nun gar <a title=\"CasaPound im Bozner Rathaus.\" href=\"http:\/\/www.brennerbasisdemokratie.eu\/?p=23953\">eine offen gewaltbereite Bewegung wie <em>CasaPound<\/em> im Gemeinderat sitzt<\/a>, dar\u00fcber hatten wir berichtet. Eine weitere Grenze wurde nun aber offenbar vor wenigen Tagen \u00fcberschritten, da das Kolpinghaus in Bozen den Rechtsextremisten von <em>Forza Nuova<\/em> (FN) seine R\u00e4umlichkeiten zur Verf\u00fcgung stellte, um eine frauenfeindliche und homophobe Veranstaltung unter Anwesenheit des FN-Anf\u00fchrers Roberto Fiore abzuhalten. Aus <em>Facebook:<\/em><\/p>\n<blockquote><p><img loading=\"lazy\" decoding=\"async\" class=\"aligncenter size-full wp-image-24053\" src=\"http:\/\/www.brennerbasisdemokratie.eu\/wp-content\/uploads\/2015\/06\/forzanuova_kolping.jpg\" alt=\"forzanuova_kolping\" width=\"650\" height=\"548\" srcset=\"https:\/\/www.brennerbasisdemokratie.eu\/wp-content\/uploads\/2015\/06\/forzanuova_kolping.jpg 650w, https:\/\/www.brennerbasisdemokratie.eu\/wp-content\/uploads\/2015\/06\/forzanuova_kolping-356x300.jpg 356w\" sizes=\"auto, (max-width: 650px) 100vw, 650px\" \/><\/p><\/blockquote>\n<p><strong>\u00bbWehret den Anf\u00e4ngen!\u00ab<\/strong> \u2014 doch daf\u00fcr k\u00f6nnte es in Bozen, wo kaum noch Ber\u00fchrungs\u00e4ngste und die n\u00f6tige Umsicht im Umgang mit Rechtsextremismus vorhanden sind, bereits zu sp\u00e4t sein. Das Immunsystem ist in der Landeshauptstadt l\u00e4ngst geschw\u00e4cht.<\/p>","protected":false},"excerpt":{"rendered":"<p>Dass Bozen ein Hort des Neofaschismus\u2019 ist, wissen wir seit Jahren. Dass in letzter Zeit immer mehr Widerst\u00e4nde gebrochen sind und nun gar eine offen gewaltbereite Bewegung wie CasaPound im Gemeinderat sitzt, dar\u00fcber hatten wir berichtet. Eine weitere Grenze wurde nun aber offenbar vor wenigen Tagen \u00fcberschritten, da das Kolpinghaus in Bozen den Rechtsextremisten von [&hellip;]<\/p>","protected":false},"author":1,"featured_media":0,"comment_status":"open","ping_status":"open","sticky":false,"template":"","format":"standard","meta":{"_crdt_document":"","ngg_post_thumbnail":0,"_jetpack_memberships_contains_paid_content":false,"footnotes":""},"categories":[1],"tags":[],"class_list":["post-24052","post","type-post","status-publish","format-standard","hentry","category-allgemein","entity-cpi","location-sudtirolo","language-deutsch","medium-socialmedia","topic-faschismen","topic-lgbtqia","topic-politik"],"jetpack_featured_media_url":"","jetpack_sharing_enabled":true,"_links":{"self":[{"href":"https:\/\/www.brennerbasisdemokratie.eu\/index.php?rest_route=\/wp\/v2\/posts\/24052","targetHints":{"allow":["GET"]}}],"collection":[{"href":"https:\/\/www.brennerbasisdemokratie.eu\/index.php?rest_route=\/wp\/v2\/posts"}],"about":[{"href":"https:\/\/www.brennerbasisdemokratie.eu\/index.php?rest_route=\/wp\/v2\/types\/post"}],"author":[{"embeddable":true,"href":"https:\/\/www.brennerbasisdemokratie.eu\/index.php?rest_route=\/wp\/v2\/users\/1"}],"replies":[{"embeddable":true,"href":"https:\/\/www.brennerbasisdemokratie.eu\/index.php?rest_route=%2Fwp%2Fv2%2Fcomments&post=24052"}],"version-history":[{"count":10,"href":"https:\/\/www.brennerbasisdemokratie.eu\/index.php?rest_route=\/wp\/v2\/posts\/24052\/revisions"}],"predecessor-version":[{"id":94682,"href":"https:\/\/www.brennerbasisdemokratie.eu\/index.php?rest_route=\/wp\/v2\/posts\/24052\/revisions\/94682"}],"wp:attachment":[{"href":"https:\/\/www.brennerbasisdemokratie.eu\/index.php?rest_route=%2Fwp%2Fv2%2Fmedia&parent=24052"}],"wp:term":[{"taxonomy":"category","embeddable":true,"href":"https:\/\/www.brennerbasisdemokratie.eu\/index.php?rest_route=%2Fwp%2Fv2%2Fcategories&post=24052"},{"taxonomy":"post_tag","embeddable":true,"href":"https:\/\/www.brennerbasisdemokratie.eu\/index.php?rest_route=%2Fwp%2Fv2%2Ftags&post=24052"}],"curies":[{"name":"wp","href":"https:\/\/api.w.org\/{rel}","templated":true}]}}