{"id":24181,"date":"2015-06-19T19:20:52","date_gmt":"2015-06-19T17:20:52","guid":{"rendered":"http:\/\/www.brennerbasisdemokratie.eu\/?p=24181"},"modified":"2024-05-30T11:00:35","modified_gmt":"2024-05-30T09:00:35","slug":"mima-ortsnamen-und-tourismus","status":"publish","type":"post","link":"https:\/\/www.brennerbasisdemokratie.eu\/?p=24181","title":{"rendered":"MiMa: Ortsnamen und Tourismus."},"content":{"rendered":"<p>Heute im Rai-Mittagsmagazin: Hans Heiss <em>(V\u00ebrc),<\/em> Cristian Kollmann (<abbr title=\"S\u00fcd-Tiroler Freiheit\">STF<\/abbr>) und Thomas Aichner von der <em>Marketinggesellschaft Meran<\/em> zum Thema <strong>Ortsnamen in der Tourismuswerbung.<\/strong><\/p>\n<p>Der <em>Rai-S\u00fcdtirol<\/em>-Podcast zum Nachh\u00f6ren:<\/p>\n<audio class=\"wp-audio-shortcode\" id=\"audio-24181-1\" preload=\"none\" style=\"width: 100%;\" controls=\"controls\"><source type=\"audio\/mpeg\" src=\"http:\/\/www.brennerbasisdemokratie.eu\/wp-content\/uploads\/2015\/06\/Mittagsmagazin150619_Ortsnamen.mp3?_=1\" \/><a href=\"http:\/\/www.brennerbasisdemokratie.eu\/wp-content\/uploads\/2015\/06\/Mittagsmagazin150619_Ortsnamen.mp3\">http:\/\/www.brennerbasisdemokratie.eu\/wp-content\/uploads\/2015\/06\/Mittagsmagazin150619_Ortsnamen.mp3<\/a><\/audio>\n<p>Sowohl Heiss, als auch Kollmann pl\u00e4dierten mit unterschiedlicher Intensit\u00e4t und Gewichtung f\u00fcr eine st\u00e4rkere Ber\u00fccksichtigung der historischen Ortsnamen, insbesondere im Ausland. Besch\u00e4mend fand ich vor allem einige der Aussagen von Herrn Aichner, der das Tourismusmanagement als reines Marketing versteht und die Abwesenheit jeglichen Gesp\u00fcrs f\u00fcr Werte und Verantwortung best\u00e4tigte.<\/p>\n<blockquote><p><strong>Nat\u00fcrlich wissen auch die Touristiker, dass die Ortsnamenfrage ein heikles Thema ist. Hat das beim Erstellen der [Ortsnamen-]Liste irgendeine Rolle gespielt?<\/strong><\/p>\n<p>Aichner: Interessanterweise eigentlich \u00fcberhaupt nicht. Vielleicht hat das einfach damit zu tun, dass meine Generation in S\u00fcdtirol mit einem sehr nat\u00fcrlichen Selbstverst\u00e4ndnis f\u00fcr beide Sprachen aufgewachsen ist und wir eigentlich in einer sehr heterogenen Arbeitsgruppe waren, wo dieses Volkst\u00fcmliche [sic] oder Politische \u00fcberhaupt kein Thema war, sondern wir ein klares Ziel vor Augen hatten: Welche Namen funktionieren auf welchem Markt? Und die wenden wir dann auch an. Was f\u00fcr mich r\u00fcckblickend jetzt auch eine sehr positive Sache ist, weil es damit zu tun hat, dass wir uns offensichtlich in unserer aktuellen zeitgen\u00f6ssischen Kultur wiedergefunden haben.<\/p><\/blockquote>\n<p>Interessant, dass Aichner zu wissen scheint, dass Kultur, Authentizit\u00e4t, Sprache und \u00bbdas Politische\u00ab nicht zum Zeitgeist z\u00e4hlen und er sich wohl auch gar nicht die Frage stellt, ob man dies einer demokratischen \u00dcberpr\u00fcfung unterziehen sollte. Im Grunde wird die Ortsnamenfrage in S\u00fcdtirol <a title=\"Kulturpolitik? \u00dcbernimmt Google.\" href=\"http:\/\/www.brennerbasisdemokratie.eu\/?p=22835\">tats\u00e4chlich an <em>Google<\/em> und Konsorten delegiert<\/a> \u2014 und dies, obschon im Verlauf der Sendung selbst Aichner gestand, dass man seiner Meinung nach mit der Verwendung der historischen Ortsnamen keinen einzigen Gast verlieren w\u00fcrde. Oberstes Ziel sei es jedoch, \u00bbMenschen nicht zu verwirren\u00ab, also wohl, alles m\u00f6glichst leicht verdaulich zu gestalten, Ecken und Kanten abzurunden und den G\u00e4sten eine Scheinwelt vorzusetzen, die sie nicht (\u00fcber-)fordert.<\/p>\n<p>Auf <img class=\"bbdlogo\" src=\"https:\/\/www.brennerbasisdemokratie.eu\/wp-content\/uploads\/bbdsmileys\/bbde.png\"> haben wir uns schon oft mit dem Thema befasst, weshalb ich diesbez\u00fcglich lediglich darauf verweise: <a title=\"Ist diese SMG glaubw\u00fcrdig?\" href=\"http:\/\/www.brennerbasisdemokratie.eu\/?p=24111\"><code>01<\/code><\/a> <a title=\"Was darf Tourismuswerbung?\" href=\"http:\/\/www.brennerbasisdemokratie.eu\/?p=24078\"><code>02<\/code><\/a> <a title=\"Demokratie oder Privatverein?\" href=\"http:\/\/www.brennerbasisdemokratie.eu\/?p=9044\"><code>03<\/code><\/a> <a title=\"Toponomastik \u2014 n\u00fcchtern betrachtet.\" href=\"http:\/\/www.brennerbasisdemokratie.eu\/?p=16091\"><code>04<\/code><\/a> <a title=\"Courmayeur macht\u2019s demokratisch.\" href=\"http:\/\/www.brennerbasisdemokratie.eu\/?p=19432\"><code>05<\/code><\/a> <a title=\"Marketing und Privatisierung der Geographie.\" href=\"http:\/\/www.brennerbasisdemokratie.eu\/?p=14197\"><code>06<\/code><\/a> <a title=\"R\u00fcck-Schrittmacher.\" href=\"http:\/\/www.brennerbasisdemokratie.eu\/?p=12416\"><code>07<\/code><\/a> <a title=\"S\u00fcdtirols Nachbarn laut SMG.\" href=\"http:\/\/www.brennerbasisdemokratie.eu\/?p=23122\"><code>08<\/code><\/a> <a title=\"Gitschberg-Jochtal: Offener Brief.\" href=\"http:\/\/www.brennerbasisdemokratie.eu\/?p=19102\"><code>09<\/code><\/a><\/p>\n<p><strong><span style=\"font-family: Helvetica, Arial, sans-serif; text-transform: uppercase;\">C\u00ebla enghe:<\/span><\/strong> <a title=\"Schleichende Enteignung.\" href=\"https:\/\/www.brennerbasisdemokratie.eu\/?p=86058\"><span style=\"color: #ff8c00\"><code>01<\/code><\/span><\/a><\/p>","protected":false},"excerpt":{"rendered":"<p>Heute im Rai-Mittagsmagazin: Hans Heiss (V\u00ebrc), Cristian Kollmann (STF) und Thomas Aichner von der Marketinggesellschaft Meran zum Thema Ortsnamen in der Tourismuswerbung. Der Rai-S\u00fcdtirol-Podcast zum Nachh\u00f6ren: http:\/\/www.brennerbasisdemokratie.eu\/wp-content\/uploads\/2015\/06\/Mittagsmagazin150619_Ortsnamen.mp3 Sowohl Heiss, als auch Kollmann pl\u00e4dierten mit unterschiedlicher Intensit\u00e4t und Gewichtung f\u00fcr eine st\u00e4rkere Ber\u00fccksichtigung der historischen Ortsnamen, insbesondere im Ausland. Besch\u00e4mend fand ich vor allem einige der [&hellip;]<\/p>","protected":false},"author":1,"featured_media":0,"comment_status":"open","ping_status":"open","sticky":false,"template":"","format":"standard","meta":{"_crdt_document":"","ngg_post_thumbnail":0,"_jetpack_memberships_contains_paid_content":false,"footnotes":""},"categories":[1],"tags":[],"class_list":["post-24181","post","type-post","status-publish","format-standard","hentry","category-allgemein","entity-stf","entity-verc","location-sudtirolo","language-deutsch","medium-rai","person-cristian-kollmann","person-hans-heiss","topic-kunstcultura","topic-faschismen","topic-medien","topic-ortsnamen","topic-politik","topic-tourismus","topic-wirtschaft"],"jetpack_featured_media_url":"","jetpack_sharing_enabled":true,"_links":{"self":[{"href":"https:\/\/www.brennerbasisdemokratie.eu\/index.php?rest_route=\/wp\/v2\/posts\/24181","targetHints":{"allow":["GET"]}}],"collection":[{"href":"https:\/\/www.brennerbasisdemokratie.eu\/index.php?rest_route=\/wp\/v2\/posts"}],"about":[{"href":"https:\/\/www.brennerbasisdemokratie.eu\/index.php?rest_route=\/wp\/v2\/types\/post"}],"author":[{"embeddable":true,"href":"https:\/\/www.brennerbasisdemokratie.eu\/index.php?rest_route=\/wp\/v2\/users\/1"}],"replies":[{"embeddable":true,"href":"https:\/\/www.brennerbasisdemokratie.eu\/index.php?rest_route=%2Fwp%2Fv2%2Fcomments&post=24181"}],"version-history":[{"count":15,"href":"https:\/\/www.brennerbasisdemokratie.eu\/index.php?rest_route=\/wp\/v2\/posts\/24181\/revisions"}],"predecessor-version":[{"id":86065,"href":"https:\/\/www.brennerbasisdemokratie.eu\/index.php?rest_route=\/wp\/v2\/posts\/24181\/revisions\/86065"}],"wp:attachment":[{"href":"https:\/\/www.brennerbasisdemokratie.eu\/index.php?rest_route=%2Fwp%2Fv2%2Fmedia&parent=24181"}],"wp:term":[{"taxonomy":"category","embeddable":true,"href":"https:\/\/www.brennerbasisdemokratie.eu\/index.php?rest_route=%2Fwp%2Fv2%2Fcategories&post=24181"},{"taxonomy":"post_tag","embeddable":true,"href":"https:\/\/www.brennerbasisdemokratie.eu\/index.php?rest_route=%2Fwp%2Fv2%2Ftags&post=24181"}],"curies":[{"name":"wp","href":"https:\/\/api.w.org\/{rel}","templated":true}]}}