{"id":24236,"date":"2015-06-26T13:48:33","date_gmt":"2015-06-26T11:48:33","guid":{"rendered":"http:\/\/www.brennerbasisdemokratie.eu\/?p=24236"},"modified":"2022-04-18T12:35:20","modified_gmt":"2022-04-18T10:35:20","slug":"die-geister","status":"publish","type":"post","link":"https:\/\/www.brennerbasisdemokratie.eu\/?p=24236","title":{"rendered":"Die Geister, die sie riefen&#8230;"},"content":{"rendered":"<p>Nach dem Paukenschlag von vorgestern Abend, als Anna Pitarelli (<abbr title=\"S\u00fcdtiroler Volkspartei\">SVP<\/abbr>) unangek\u00fcndigt die Regierungsmehrheit platzen lie\u00df, schaffte es B\u00fcrgermeister Luigi Spagnolli gestern \u2014 kurz vor dem endg\u00fcltigen Ablaufen der gesetzlichen Fristen und wohl nicht ganz ohne das Reglement aufs \u00c4u\u00dferste auszureizen \u2014 im zweiten Anlauf, eine Mehrheit zu bilden: Im letzten Augenblick besannen sich die <em>Gr\u00fcnen<\/em> eines besseren und gew\u00e4hrten ihren ehemaligen Koalitionspartnern die externe Unterst\u00fctzung. Bis auf Widerruf.<\/p>\n<p>Im Rathaus der Landeshauptstadt, deren Eliten <a title=\"Quale modernit\u00e0\u00a0?\" href=\"http:\/\/www.brennerbasisdemokratie.eu\/?p=6422\">nicht selten<\/a> ihre <a title=\"Quotation (LXXIV): Stereotipi.\" href=\"http:\/\/www.brennerbasisdemokratie.eu\/?p=13663\">\u00dcberlegenheit<\/a> gegen\u00fcber dem angeblich hinterw\u00e4ldlerischen Rest des Landes (im Hauptstadt-Sprech: \u00bbPeripherie\u00ab) hervorstreichen, spielten sich indes Szenen ab, die man wohl eher in den 1920er Jahren ansiedeln w\u00fcrde. Dieter Steger (SVP) z\u00f6gerte nicht, die Lage als \u00bbbe\u00e4ngstigend\u00ab zu bezeichnen: Zuschauertrib\u00fcnen und G\u00e4nge des Rathauses waren fest in der Hand von Neo-<em>Squadristen<\/em>, die die Mitglieder der neuen Mehrheit w\u00fcst beschimpften.<\/p>\n<p>Demn\u00e4chst wird man in Bozen wohl froh sein m\u00fcssen, wenn es \u00fcberhaupt noch eine Mehrheit im Gemeinderat gibt, die sich demokratischen Grundwerten verpflichtet f\u00fchlt.<\/p>\n<blockquote><p><img loading=\"lazy\" decoding=\"async\" class=\"wp-image-23631 size-full\" src=\"http:\/\/www.brennerbasisdemokratie.eu\/wp-content\/uploads\/2015\/05\/spagnolli_cpi.jpg\" alt=\"Spagnolli\/CPI.\" width=\"717\" height=\"436\" srcset=\"https:\/\/www.brennerbasisdemokratie.eu\/wp-content\/uploads\/2015\/05\/spagnolli_cpi.jpg 717w, https:\/\/www.brennerbasisdemokratie.eu\/wp-content\/uploads\/2015\/05\/spagnolli_cpi-493x300.jpg 493w\" sizes=\"auto, (max-width: 717px) 100vw, 717px\" \/><\/p><\/blockquote>\n<p><small><em>Quelle: Antifa Meran<\/em><\/small><\/p>\n<p>Die SVP, Spagnolli und die gesamte Mittelinkskoalition m\u00fcssen sich aber auch den Vorwurf gefallen lassen, den N\u00e4hrboden mit vorbereitet zu haben, auf dem Rechtsextremismus und -radikalismus in der Landeshauptstadt so pr\u00e4chtig gedeihen. Durch <a title=\"Stichwahlgemeinden: Die Zeit ist um.\" href=\"http:\/\/www.brennerbasisdemokratie.eu\/?p=24215\">zweifelhafte Koalitionen<\/a> im angrenzenden Leifers und in Meran, wo man mit denselben <em>Ungustln<\/em> (und ihren Freunden) im Boot sitzt, die sich nun in Bozen zu solch forschem Handeln ermutigt f\u00fchlen. Durch <a title=\"Widerstandsloses Bozen.\" href=\"http:\/\/www.brennerbasisdemokratie.eu\/?p=23630\">halbherzige Abgrenzung<\/a> vom ideologischen und materiellen Erbe der Totalitarismen und von <a title=\"Im Zentrum der Verharmlosung.\" href=\"http:\/\/www.brennerbasisdemokratie.eu\/?p=23671\">ultranationalistischen Medien.<\/a> Durch unkritische Annahme und Perpetuierung nationalistischer Reflexe in ihren vielf\u00e4ltigen Auspr\u00e4gungen. Oder gar durch <a title=\"Don-Bosco-Viertel unterst\u00fctzt Casaitalia.\" href=\"http:\/\/www.brennerbasisdemokratie.eu\/?p=9572\">aktive F\u00f6rderung<\/a> und <a title=\"Offener Brief: Giorno del Ricordo.\" href=\"http:\/\/www.brennerbasisdemokratie.eu\/?p=10232\">Einbindung<\/a> zweifelhafter Akteure und das stolze Mittragen <a title=\"Verkehrte Welt.\" href=\"http:\/\/www.brennerbasisdemokratie.eu\/?p=15006\">militaristischer Veranstaltungen<\/a> in einem so sensiblen und geschichtlich vorbelasteten Land wie dem unseren.<\/p>\n<p>Schlussendlich sei auch die Frage erlaubt, ob die Zugeh\u00f6rigkeit zu einem Nationalstaat, zumal einem, der nicht f\u00fcr seinen kritischen Umgang mit den dunklen Seiten seiner Vergangenheit bekannt ist, \u00fcberhaupt einen geeigneten Rahmen zur \u00dcberwindung des wieder aufflammenden Nationalismus darstellt \u2014 oder ob er national gesinnte Extremistinnen gar (in)direkt in ihrem Credo und ihren Absichten best\u00e4rkt.<\/p>\n<p><strong><span style=\"font-family: Helvetica, Arial, sans-serif; text-transform: uppercase;\">C\u00ebla enghe:<\/span><\/strong> <a title=\"CasaPound im Bozner Rathaus.\" href=\"http:\/\/www.brennerbasisdemokratie.eu\/?p=23953\"><code>01<\/code><\/a> <a title=\"Bessone GR-Vizepr\u00e4sident.\" href=\"http:\/\/www.brennerbasisdemokratie.eu\/?p=24065\"><code>02<\/code><\/a> <a title=\"Koalition des \u2019B\u00f6sen\u2019.\" href=\"http:\/\/www.brennerbasisdemokratie.eu\/?p=24007\"><code>03<\/code><\/a> <a title=\"Blocco sdoganato.\" href=\"http:\/\/www.brennerbasisdemokratie.eu\/?p=9605\"><code>04<\/code><\/a> <a title=\"Nuovo monumento \u00abfascista\u00bb.\" href=\"http:\/\/www.brennerbasisdemokratie.eu\/?p=17536\"><code>05<\/code><\/a> <a title=\"Alpini, prova di convivenza?\" href=\"http:\/\/www.brennerbasisdemokratie.eu\/?p=10523\"><code>06<\/code><\/a> <a title=\"Quotation (VII): Vetta.\" href=\"http:\/\/www.brennerbasisdemokratie.eu\/?p=5659\"><code>07<\/code><\/a><\/p>","protected":false},"excerpt":{"rendered":"<p>Nach dem Paukenschlag von vorgestern Abend, als Anna Pitarelli (SVP) unangek\u00fcndigt die Regierungsmehrheit platzen lie\u00df, schaffte es B\u00fcrgermeister Luigi Spagnolli gestern \u2014 kurz vor dem endg\u00fcltigen Ablaufen der gesetzlichen Fristen und wohl nicht ganz ohne das Reglement aufs \u00c4u\u00dferste auszureizen \u2014 im zweiten Anlauf, eine Mehrheit zu bilden: Im letzten Augenblick besannen sich die Gr\u00fcnen [&hellip;]<\/p>","protected":false},"author":1,"featured_media":0,"comment_status":"open","ping_status":"open","sticky":false,"template":"","format":"standard","meta":{"_crdt_document":"","ngg_post_thumbnail":0,"_jetpack_memberships_contains_paid_content":false,"footnotes":""},"categories":[1],"tags":[],"class_list":["post-24236","post","type-post","status-publish","format-standard","hentry","category-allgemein","entity-antifa-meran","entity-gemeinde-bozen","entity-lega","entity-pd","entity-pdl","entity-svp","entity-verc","issue-sx-di-dx","location-sudtirolo","language-deutsch","person-dieter-steger","person-luigi-spagnolli","topic-democrazia","topic-faschismen","topic-nationalismus","topic-politik"],"jetpack_featured_media_url":"","jetpack_sharing_enabled":true,"_links":{"self":[{"href":"https:\/\/www.brennerbasisdemokratie.eu\/index.php?rest_route=\/wp\/v2\/posts\/24236","targetHints":{"allow":["GET"]}}],"collection":[{"href":"https:\/\/www.brennerbasisdemokratie.eu\/index.php?rest_route=\/wp\/v2\/posts"}],"about":[{"href":"https:\/\/www.brennerbasisdemokratie.eu\/index.php?rest_route=\/wp\/v2\/types\/post"}],"author":[{"embeddable":true,"href":"https:\/\/www.brennerbasisdemokratie.eu\/index.php?rest_route=\/wp\/v2\/users\/1"}],"replies":[{"embeddable":true,"href":"https:\/\/www.brennerbasisdemokratie.eu\/index.php?rest_route=%2Fwp%2Fv2%2Fcomments&post=24236"}],"version-history":[{"count":15,"href":"https:\/\/www.brennerbasisdemokratie.eu\/index.php?rest_route=\/wp\/v2\/posts\/24236\/revisions"}],"predecessor-version":[{"id":69481,"href":"https:\/\/www.brennerbasisdemokratie.eu\/index.php?rest_route=\/wp\/v2\/posts\/24236\/revisions\/69481"}],"wp:attachment":[{"href":"https:\/\/www.brennerbasisdemokratie.eu\/index.php?rest_route=%2Fwp%2Fv2%2Fmedia&parent=24236"}],"wp:term":[{"taxonomy":"category","embeddable":true,"href":"https:\/\/www.brennerbasisdemokratie.eu\/index.php?rest_route=%2Fwp%2Fv2%2Fcategories&post=24236"},{"taxonomy":"post_tag","embeddable":true,"href":"https:\/\/www.brennerbasisdemokratie.eu\/index.php?rest_route=%2Fwp%2Fv2%2Ftags&post=24236"}],"curies":[{"name":"wp","href":"https:\/\/api.w.org\/{rel}","templated":true}]}}