{"id":24256,"date":"2015-06-27T12:47:26","date_gmt":"2015-06-27T10:47:26","guid":{"rendered":"http:\/\/www.brennerbasisdemokratie.eu\/?p=24256"},"modified":"2019-02-28T18:04:36","modified_gmt":"2019-02-28T17:04:36","slug":"europarat-befasst-sich-mit-selbstbestimmung","status":"publish","type":"post","link":"https:\/\/www.brennerbasisdemokratie.eu\/?p=24256","title":{"rendered":"Europarat befasst sich mit Selbstbestimmung."},"content":{"rendered":"<p>Die parlamentarische Versammlung des Europarats (nicht mit dem Europaparlament zu verwechseln), hat eingewilligt, in einer ihrer kommenden Sitzungen \u00fcber das Recht auf Selbstbestimmung f\u00fcr Katalonien und andere europ\u00e4ische Regionen zu diskutieren. Anlass ist ein Antrag des D\u00e4nen Jacob Lund, seines Zeichens Vizepr\u00e4sident der Versammlung und Mitglied der sozialdemokratischen Fraktion. Wie so oft sind es progressive Kr\u00e4fte, die sich f\u00fcr die demokratische Selbstbestimmung starkmachen. F\u00fcr sein Vorhaben legte Lund die Unterschriften 30 weiterer Abgeordneter vor \u2014 und damit zehn mehr, als notwendig.<\/p>\n<p>Der Resolutionsentwurf liest sich wie folgt:<\/p>\n<blockquote>\n<ol>\n<li>The Parliamentary Assembly should examine the question of self-determination for Catalonia, and other European regions including any attempts to prevent populations from exercising their right to self-determination.<\/li>\n<li>Also discussion of independence shouds happen in a peaceful and democratic dialogue between the relevant region and the state governments<\/li>\n<li>It should encourage the peaceful and democratic dialogue and other constructive response to the situation as was the case with the Council of Europe Member States, the United Kingdom, Denmark, Sweden and Norway.<\/li>\n<li>Europe should be applying the best practices on self-determination across the continent, not the worst.<\/li>\n<\/ol>\n<\/blockquote>\n<p>Im Rahmen des Europarats wurden unter anderem die <em>Europ\u00e4ische Menschenrechtskonvention<\/em> und die <em>Europ\u00e4ische Charta der Regional- oder Minderheitensprachen<\/em> ausgearbeitet. Die parlamentarische Versammlung ist auch f\u00fcr die Wahl der Richter des <em>Europ\u00e4ischen Gerichtshofs f\u00fcr Menschenrechte<\/em> verantwortlich.<\/p>\n<p>Die Chancen f\u00fcr eine (unver\u00e4nderte) Verabschiedung der Resolution d\u00fcrften nicht besonders gro\u00df sein, zumal auch im Europarat die etablierten Staaten vertreten sind, die in ihrer gro\u00dfen Mehrheit wohl kein Interesse an der Umsetzung der Selbstbestimmung haben. Allein die Tatsache, dass das Thema \u2014 in dieser Klarheit \u2014 auch die internationalen Organisationen erreicht, ist jedoch \u00e4u\u00dferst positiv. An dieser Entwicklung hat zumindest das offizielle S\u00fcdtirol jedoch leider keinen Verdienst.<\/p>\n<p><strong><span style=\"font-family: Helvetica, Arial, sans-serif; text-transform: uppercase;\">C\u00ebla enghe:<\/span><\/strong> <a title=\"Die Charta der Minderheitensprachen.\" href=\"http:\/\/www.brennerbasisdemokratie.eu\/?p=1348\"><code>01<\/code><\/a> <a title=\"Katalonien sucht Unterst\u00fctzung.\" href=\"http:\/\/www.brennerbasisdemokratie.eu\/?p=21519\"><code>02<\/code><\/a> <a title=\"Europa der Regionen in Pr\u00f6sels.\" href=\"http:\/\/www.brennerbasisdemokratie.eu\/?p=19805\"><code>03<\/code><\/a> <a title=\"D\u00e4nische Resolution.\" href=\"http:\/\/www.brennerbasisdemokratie.eu\/?p=23784\"><code>04<\/code><\/a><\/p>","protected":false},"excerpt":{"rendered":"<p>Die parlamentarische Versammlung des Europarats (nicht mit dem Europaparlament zu verwechseln), hat eingewilligt, in einer ihrer kommenden Sitzungen \u00fcber das Recht auf Selbstbestimmung f\u00fcr Katalonien und andere europ\u00e4ische Regionen zu diskutieren. Anlass ist ein Antrag des D\u00e4nen Jacob Lund, seines Zeichens Vizepr\u00e4sident der Versammlung und Mitglied der sozialdemokratischen Fraktion. Wie so oft sind es progressive [&hellip;]<\/p>","protected":false},"author":1,"featured_media":0,"comment_status":"open","ping_status":"open","sticky":false,"template":"","format":"standard","meta":{"_crdt_document":"","ngg_post_thumbnail":0,"_jetpack_memberships_contains_paid_content":false,"footnotes":""},"categories":[1],"tags":[],"class_list":["post-24256","post","type-post","status-publish","format-standard","hentry","category-allgemein","entity-egmr","entity-eu","entity-europarat","issue-zitac","location-catalunya","location-schottland","language-deutsch","topic-grundrechte","topic-politik","topic-recht","topic-selbstbestimmung"],"jetpack_featured_media_url":"","jetpack_sharing_enabled":true,"_links":{"self":[{"href":"https:\/\/www.brennerbasisdemokratie.eu\/index.php?rest_route=\/wp\/v2\/posts\/24256","targetHints":{"allow":["GET"]}}],"collection":[{"href":"https:\/\/www.brennerbasisdemokratie.eu\/index.php?rest_route=\/wp\/v2\/posts"}],"about":[{"href":"https:\/\/www.brennerbasisdemokratie.eu\/index.php?rest_route=\/wp\/v2\/types\/post"}],"author":[{"embeddable":true,"href":"https:\/\/www.brennerbasisdemokratie.eu\/index.php?rest_route=\/wp\/v2\/users\/1"}],"replies":[{"embeddable":true,"href":"https:\/\/www.brennerbasisdemokratie.eu\/index.php?rest_route=%2Fwp%2Fv2%2Fcomments&post=24256"}],"version-history":[{"count":7,"href":"https:\/\/www.brennerbasisdemokratie.eu\/index.php?rest_route=\/wp\/v2\/posts\/24256\/revisions"}],"predecessor-version":[{"id":46871,"href":"https:\/\/www.brennerbasisdemokratie.eu\/index.php?rest_route=\/wp\/v2\/posts\/24256\/revisions\/46871"}],"wp:attachment":[{"href":"https:\/\/www.brennerbasisdemokratie.eu\/index.php?rest_route=%2Fwp%2Fv2%2Fmedia&parent=24256"}],"wp:term":[{"taxonomy":"category","embeddable":true,"href":"https:\/\/www.brennerbasisdemokratie.eu\/index.php?rest_route=%2Fwp%2Fv2%2Fcategories&post=24256"},{"taxonomy":"post_tag","embeddable":true,"href":"https:\/\/www.brennerbasisdemokratie.eu\/index.php?rest_route=%2Fwp%2Fv2%2Ftags&post=24256"}],"curies":[{"name":"wp","href":"https:\/\/api.w.org\/{rel}","templated":true}]}}