{"id":24265,"date":"2015-06-27T23:39:21","date_gmt":"2015-06-27T21:39:21","guid":{"rendered":"http:\/\/www.brennerbasisdemokratie.eu\/?p=24265"},"modified":"2025-06-11T11:42:08","modified_gmt":"2025-06-11T09:42:08","slug":"minderheitenfeindlichkeit-in-europa","status":"publish","type":"post","link":"https:\/\/www.brennerbasisdemokratie.eu\/?p=24265","title":{"rendered":"Minderheitenfeindlichkeit in Europa."},"content":{"rendered":"<p>Das <em>Pew Research Center<\/em> mit Sitz in Washington D.C. ist ein gemeinn\u00fctziges Meinungsforschungsinstitut, das unter anderem den <strong>Global Attitudes Survey<\/strong> ver\u00f6ffentlicht. Die diesj\u00e4hrige Studie enth\u00e4lt Informationen \u00fcber die Einstellung der europ\u00e4ischen Bev\u00f6lkerung zu Minderheiten, genauer gesagt \u00fcber ihre Ablehnung von <em>(\u00bbunfavorable view of&#8230;\u00ab)<\/em> Roma, Juden und Muslimen in ihrem Land.<\/p>\n<p>Untersucht wurden leider nur die sechs bev\u00f6lkerungsreichsten Staaten der EU, n\u00e4mlich Deutschland, Frankreich, Italien, Vereinigtes K\u00f6nigreich, Spanien und Polen.<\/p>\n<p>Zun\u00e4chst die gute Nachricht: Die Minderheitenfeindlichkeit ist laut <em>Pew Research Center<\/em> im Laufe der Wirtschaftskrise nicht gewachsen. Und im europ\u00e4ischen Mittel werden s\u00e4mtlichen ber\u00fccksichtigten Minderheiten mehr Sympathien als Ablehnung entgegengebracht. Dabei weichen jedoch die Ablehnungswerte von Roma, Juden und Muslimen deutlich voneinander ab; auch zwischen den einzelnen Staaten sind signifikante Unterschiede in der Minderheitenfeindlichkeit festzustellen.<\/p>\n<blockquote><p><img loading=\"lazy\" decoding=\"async\" class=\"aligncenter size-full wp-image-24269\" style=\"border: none;\" src=\"http:\/\/www.brennerbasisdemokratie.eu\/wp-content\/uploads\/2015\/06\/roma.jpg\" alt=\"PEW Attitudes Roma.\" width=\"481\" height=\"386\" srcset=\"https:\/\/www.brennerbasisdemokratie.eu\/wp-content\/uploads\/2015\/06\/roma.jpg 481w, https:\/\/www.brennerbasisdemokratie.eu\/wp-content\/uploads\/2015\/06\/roma-374x300.jpg 374w\" sizes=\"auto, (max-width: 481px) 100vw, 481px\" \/><\/p><\/blockquote>\n<p>Insgesamt am meisten Ablehnung erfahren mit einem Durchschnittswert von 43% die Roma, wobei es zwischen Italien (86%) und Deutschland (34%) einen betr\u00e4chtlichen Unterschied von \u00fcber 50 Prozentpunkten gibt. Nur in Italien und Frankreich hat die Mehrheit der Befragten eine negative Meinung \u00fcber die Roma.<\/p>\n<blockquote><p><img loading=\"lazy\" decoding=\"async\" class=\"aligncenter size-full wp-image-24268\" style=\"border: none;\" src=\"http:\/\/www.brennerbasisdemokratie.eu\/wp-content\/uploads\/2015\/06\/muslime.jpg\" alt=\"PEW Attitudes Muslime.\" width=\"481\" height=\"360\" srcset=\"https:\/\/www.brennerbasisdemokratie.eu\/wp-content\/uploads\/2015\/06\/muslime.jpg 481w, https:\/\/www.brennerbasisdemokratie.eu\/wp-content\/uploads\/2015\/06\/muslime-401x300.jpg 401w\" sizes=\"auto, (max-width: 481px) 100vw, 481px\" \/><\/p><\/blockquote>\n<p>Mit einem Durchschnittswert von 33% in den sechs erhobenen Staaten sind Menschen islamischen Glaubens in Europa deutlich besser akzeptiert. In Italien (61%) und Polen (56%) haben mehr als die H\u00e4lfte der Befragten eine negative Meinung \u00fcber Muslime, im Vereinigten K\u00f6nigreich sinkt der Wert auf 19%. Zwischen Personen, die sich auf der politischen Linken und solchen, die sich auf der politischen Rechten verorten, gibt es laut <em>Pew Research Center <\/em>signifikante Unterschiede: 15% der Deutschen und Franz\u00f6sinnen und 49% der Italienerinnen, die sich als \u00bblinks\u00ab bezeichnen, stehen Muslimen ablehnend gegen\u00fcber.<\/p>\n<blockquote><p><img loading=\"lazy\" decoding=\"async\" class=\"aligncenter size-full wp-image-24266\" style=\"border: none;\" src=\"http:\/\/www.brennerbasisdemokratie.eu\/wp-content\/uploads\/2015\/06\/juden.jpg\" alt=\"PEW Attitudes: Juden.\" width=\"480\" height=\"378\" srcset=\"https:\/\/www.brennerbasisdemokratie.eu\/wp-content\/uploads\/2015\/06\/juden.jpg 480w, https:\/\/www.brennerbasisdemokratie.eu\/wp-content\/uploads\/2015\/06\/juden-381x300.jpg 381w\" sizes=\"auto, (max-width: 480px) 100vw, 480px\" \/><\/p><\/blockquote>\n<p>Nur die Menschen j\u00fcdischen Glaubens werden in s\u00e4mtlichen analysierten L\u00e4ndern mehrheitlich <u>nicht<\/u> negativ gesehen. Zwischen dem polnischen H\u00f6chstwert (28%) und dem deutlich toleranteren Vereinigten K\u00f6nigreich (7%) liegen hier \u00bbnur\u00ab 21 Prozentpunkte.<\/p>\n<blockquote><p><img loading=\"lazy\" decoding=\"async\" class=\"aligncenter size-full wp-image-24267\" style=\"border: none;\" src=\"http:\/\/www.brennerbasisdemokratie.eu\/wp-content\/uploads\/2015\/06\/minderheitenfeindlichkeit.jpg\" alt=\"PEW Attitudes Durchschnitt.\" width=\"481\" height=\"379\" srcset=\"https:\/\/www.brennerbasisdemokratie.eu\/wp-content\/uploads\/2015\/06\/minderheitenfeindlichkeit.jpg 481w, https:\/\/www.brennerbasisdemokratie.eu\/wp-content\/uploads\/2015\/06\/minderheitenfeindlichkeit-381x300.jpg 381w\" sizes=\"auto, (max-width: 481px) 100vw, 481px\" \/><\/p><\/blockquote>\n<p>Geht man von der durchschnittlichen ablehnenden Haltung gegen\u00fcber Roma, Muslimen und Juden in den sechs von <em>Pew<\/em> unter die Lupe genommenen L\u00e4ndern aus, ergibt sich f\u00fcr die Minderheitenfeindlichkeit, dass nur in Italien ein Gesamtwert von \u00fcber 50% vorliegt. In den f\u00fcnf \u00fcbrigen L\u00e4ndern liegt der Durchschnittswert darunter, wobei das Vereinigte K\u00f6nigreich (21%) am tolerantesten erscheint.<\/p>\n<p><strong><span style=\"font-family: Helvetica, Arial, sans-serif; text-transform: uppercase;\">C\u00ebla enghe:<\/span><\/strong> <a title=\"Die ganz allt\u00e4gliche Stigmatisierung.\" href=\"http:\/\/www.brennerbasisdemokratie.eu\/?p=18762\"><code>01<\/code><\/a> <a title=\"Palermo f\u00fcr die Charta.\" href=\"http:\/\/www.brennerbasisdemokratie.eu\/?p=14855\"><code>02<\/code><\/a>&nbsp;<span style=\"font-family: Helvetica, Arial, sans-serif; font-weight: normal;\">||<\/span> <a title=\"Der Nationalismus- und Intoleranz-Index.\" href=\"https:\/\/www.brennerbasisdemokratie.eu\/?p=41475\"><span style=\"color: #ff8c00\"><code>01<\/code><\/span><\/a> <a title=\"Einwanderung: Gut oder schlecht?\" href=\"https:\/\/www.brennerbasisdemokratie.eu\/?p=45420\"><span style=\"color: #ff8c00\"><code>02<\/code><\/span><\/a> <a title=\"Elly Schlein mit Antisemitismus konfrontiert.\" href=\"https:\/\/www.brennerbasisdemokratie.eu\/?p=77129\"><span style=\"color: #ff8c00\"><code>03<\/code><\/span><\/a><\/p>","protected":false},"excerpt":{"rendered":"<p>Das Pew Research Center mit Sitz in Washington D.C. ist ein gemeinn\u00fctziges Meinungsforschungsinstitut, das unter anderem den Global Attitudes Survey ver\u00f6ffentlicht. Die diesj\u00e4hrige Studie enth\u00e4lt Informationen \u00fcber die Einstellung der europ\u00e4ischen Bev\u00f6lkerung zu Minderheiten, genauer gesagt \u00fcber ihre Ablehnung von (\u00bbunfavorable view of&#8230;\u00ab) Roma, Juden und Muslimen in ihrem Land. Untersucht wurden leider nur die [&hellip;]<\/p>","protected":false},"author":1,"featured_media":0,"comment_status":"open","ping_status":"open","sticky":false,"template":"","format":"standard","meta":{"_crdt_document":"","ngg_post_thumbnail":0,"_jetpack_memberships_contains_paid_content":false,"footnotes":""},"categories":[1],"tags":[],"class_list":["post-24265","post","type-post","status-publish","format-standard","hentry","category-allgemein","entity-eu","entity-pew-research","location-deutschland","location-europa","location-italy","location-spania","location-united-kingdom","language-deutsch","topic-antisemitismus","topic-discriminaziun","topic-migraziun","topic-minderheitenschutz","topic-racism","topic-religiun","topic-romasinti","topic-statistik"],"jetpack_featured_media_url":"","jetpack_sharing_enabled":true,"_links":{"self":[{"href":"https:\/\/www.brennerbasisdemokratie.eu\/index.php?rest_route=\/wp\/v2\/posts\/24265","targetHints":{"allow":["GET"]}}],"collection":[{"href":"https:\/\/www.brennerbasisdemokratie.eu\/index.php?rest_route=\/wp\/v2\/posts"}],"about":[{"href":"https:\/\/www.brennerbasisdemokratie.eu\/index.php?rest_route=\/wp\/v2\/types\/post"}],"author":[{"embeddable":true,"href":"https:\/\/www.brennerbasisdemokratie.eu\/index.php?rest_route=\/wp\/v2\/users\/1"}],"replies":[{"embeddable":true,"href":"https:\/\/www.brennerbasisdemokratie.eu\/index.php?rest_route=%2Fwp%2Fv2%2Fcomments&post=24265"}],"version-history":[{"count":21,"href":"https:\/\/www.brennerbasisdemokratie.eu\/index.php?rest_route=\/wp\/v2\/posts\/24265\/revisions"}],"predecessor-version":[{"id":92737,"href":"https:\/\/www.brennerbasisdemokratie.eu\/index.php?rest_route=\/wp\/v2\/posts\/24265\/revisions\/92737"}],"wp:attachment":[{"href":"https:\/\/www.brennerbasisdemokratie.eu\/index.php?rest_route=%2Fwp%2Fv2%2Fmedia&parent=24265"}],"wp:term":[{"taxonomy":"category","embeddable":true,"href":"https:\/\/www.brennerbasisdemokratie.eu\/index.php?rest_route=%2Fwp%2Fv2%2Fcategories&post=24265"},{"taxonomy":"post_tag","embeddable":true,"href":"https:\/\/www.brennerbasisdemokratie.eu\/index.php?rest_route=%2Fwp%2Fv2%2Ftags&post=24265"}],"curies":[{"name":"wp","href":"https:\/\/api.w.org\/{rel}","templated":true}]}}