{"id":24328,"date":"2015-06-30T09:37:10","date_gmt":"2015-06-30T07:37:10","guid":{"rendered":"http:\/\/www.brennerbasisdemokratie.eu\/?p=24328"},"modified":"2025-05-25T12:04:51","modified_gmt":"2025-05-25T10:04:51","slug":"quotation-216-kopf-einziehen","status":"publish","type":"post","link":"https:\/\/www.brennerbasisdemokratie.eu\/?p=24328","title":{"rendered":"Kopf einziehen."},"content":{"rendered":"<blockquote><p>Was h\u00e4tte meine Elterngeneration erreicht, als sie f\u00fcr die S\u00fcdtirol-Autonomie k\u00e4mpfte, wenn sie immer den Kopf eingezogen h\u00e4tte? Und die S\u00fcdtirol-Aktivisten, die ihr Leben riskierten, als sie f\u00fcr die Heimat auf die Barrikaden gingen? All das f\u00e4llt mir ein, wenn ich an die Griechen denke, die in Br\u00fcssel nicht gekuscht haben.<\/p>\n<p><em>\u2014 Oktavia Brugger auf<\/em> <a title=\"Salto: Unvereinbarkeiten.\" href=\"http:\/\/www.salto.bz\/comment\/24246\" target=\"_blank\" rel=\"noopener noreferrer\">Salto<\/a>.<\/p><\/blockquote>\n<p>Manchen f\u00e4llt \u00e4hnliches ein, wenn sie an die S\u00fcdtiroler denken, die in Rom kuschen. Wenn \u00bbdie Elterngeneration\u00ab damals so zahm gewesen w\u00e4re, h\u00e4tten wir die heutige Autonomie wohl kaum erlangt. Zudem bemerkt Frau Brugger:<\/p>\n<blockquote><p>Wie k\u00f6nnen die als demokratische Staaten eingestuften EU-L\u00e4nder eine \u201cVolksabstimmung\u201d als derart skandal\u00f6s einstufen , dass sie einen Mitgliedsstaat (GR) daf\u00fcr bestrafen? Ist denn eine Volksabstimmung nicht das demokratischste aller Mittel, um eine Jahrhundertentscheidung zu treffen?<\/p><\/blockquote>\n<p>Sie selbst hat sich aber in Bezug auf die Selbstbestimmung unseres Landes ebenfalls <a title=\"Oktavia B.: Schottland und Katalonien ja\u2026\" href=\"http:\/\/www.brennerbasisdemokratie.eu\/?p=19247\">gegen \u00bbdas demokratischste aller Mittel\u00ab ausgesprochen<\/a>.<\/p>\n<p><strong><span style=\"font-family: Helvetica, Arial, sans-serif; text-transform: uppercase;\">C\u00ebla enghe:<\/span><\/strong> <a title=\"Wir h\u00e4tten diese Autonomie nicht.\" href=\"http:\/\/www.brennerbasisdemokratie.eu\/?p=30100\"><code>01<\/code><\/a><\/p>","protected":false},"excerpt":{"rendered":"<p>Was h\u00e4tte meine Elterngeneration erreicht, als sie f\u00fcr die S\u00fcdtirol-Autonomie k\u00e4mpfte, wenn sie immer den Kopf eingezogen h\u00e4tte? Und die S\u00fcdtirol-Aktivisten, die ihr Leben riskierten, als sie f\u00fcr die Heimat auf die Barrikaden gingen? All das f\u00e4llt mir ein, wenn ich an die Griechen denke, die in Br\u00fcssel nicht gekuscht haben. \u2014 Oktavia Brugger auf [&hellip;]<\/p>","protected":false},"author":1,"featured_media":0,"comment_status":"open","ping_status":"open","sticky":false,"template":"","format":"standard","meta":{"_crdt_document":"","ngg_post_thumbnail":0,"_jetpack_memberships_contains_paid_content":false,"footnotes":""},"categories":[1],"tags":[],"class_list":["post-24328","post","type-post","status-publish","format-standard","hentry","category-allgemein","entity-eu","issue-zitac","location-griechenland","location-sudtirolo","language-deutsch","medium-salto","person-oktavia-brugger","topic-democrazia","topic-mitbestimmung","topic-politik","topic-selbstbestimmung","topic-tagnacht"],"jetpack_featured_media_url":"","jetpack_sharing_enabled":true,"_links":{"self":[{"href":"https:\/\/www.brennerbasisdemokratie.eu\/index.php?rest_route=\/wp\/v2\/posts\/24328","targetHints":{"allow":["GET"]}}],"collection":[{"href":"https:\/\/www.brennerbasisdemokratie.eu\/index.php?rest_route=\/wp\/v2\/posts"}],"about":[{"href":"https:\/\/www.brennerbasisdemokratie.eu\/index.php?rest_route=\/wp\/v2\/types\/post"}],"author":[{"embeddable":true,"href":"https:\/\/www.brennerbasisdemokratie.eu\/index.php?rest_route=\/wp\/v2\/users\/1"}],"replies":[{"embeddable":true,"href":"https:\/\/www.brennerbasisdemokratie.eu\/index.php?rest_route=%2Fwp%2Fv2%2Fcomments&post=24328"}],"version-history":[{"count":9,"href":"https:\/\/www.brennerbasisdemokratie.eu\/index.php?rest_route=\/wp\/v2\/posts\/24328\/revisions"}],"predecessor-version":[{"id":66442,"href":"https:\/\/www.brennerbasisdemokratie.eu\/index.php?rest_route=\/wp\/v2\/posts\/24328\/revisions\/66442"}],"wp:attachment":[{"href":"https:\/\/www.brennerbasisdemokratie.eu\/index.php?rest_route=%2Fwp%2Fv2%2Fmedia&parent=24328"}],"wp:term":[{"taxonomy":"category","embeddable":true,"href":"https:\/\/www.brennerbasisdemokratie.eu\/index.php?rest_route=%2Fwp%2Fv2%2Fcategories&post=24328"},{"taxonomy":"post_tag","embeddable":true,"href":"https:\/\/www.brennerbasisdemokratie.eu\/index.php?rest_route=%2Fwp%2Fv2%2Ftags&post=24328"}],"curies":[{"name":"wp","href":"https:\/\/api.w.org\/{rel}","templated":true}]}}