{"id":24663,"date":"2015-07-23T08:48:34","date_gmt":"2015-07-23T06:48:34","guid":{"rendered":"http:\/\/www.brennerbasisdemokratie.eu\/?p=24663"},"modified":"2021-06-01T17:39:39","modified_gmt":"2021-06-01T15:39:39","slug":"siegesdenkmal-erste-bilanz","status":"publish","type":"post","link":"https:\/\/www.brennerbasisdemokratie.eu\/?p=24663","title":{"rendered":"Siegesdenkmal: Erste Bilanz."},"content":{"rendered":"<p>Vor einem Jahr wurde das <a title=\"Dokuzentrum: Ein guter Anfang.\" href=\"http:\/\/www.brennerbasisdemokratie.eu\/?p=19949\">Dokumentationszentrum<\/a> am Siegesplatz er\u00f6ffnet. Nun wurde Bilanz gezogen, mit knapp 40.000 Besuchern ist das Ergebnis nicht gerade berauschend. Laut dem Historiker Hannes Obermair im Interview mit <em>Rai S\u00fcdtirol<\/em> (am 20.07.15) ist die Besucherfrequenz zufriedenstellend, das Dokumentationszentrum hat nicht den Attraktionsgrad von \u00d6tzi, mit etwas mehr als 100 Besuchern pro Tag zeigte er sich trotzdem zufrieden. Laut Obermair sind es vor allem Schulklassen, die die Ausstellung besuchen, hier f\u00e4llt aber auf, dass in erster Linie deutsche Schulklassen den Weg in den Keller finden, es gibt \u00bbkulturelle Unterschiede, eine starke Divergenz zwischen deutschen und italienischen Schulklassen.\u00ab Dies, so Obermair, k\u00f6nnte mit einem \u00bbgewissen Aufkl\u00e4rungsdefizit\u00ab zu tun haben. Es gibt auch einige ausw\u00e4rtige Besucher, diese seien enthusiastisch und zeigen die \u00fcberregionale Dimension des Dokumentationszentrums. Obermair weist zudem darauf hin, dass es noch einiges zu tun g\u00e4be, als Beispiel nannte er den Gerichtsplatz.<\/p>\n<p>Fazit: Wie vermutet sind es vor allem Schulklassen, die (nicht ganz aus freien St\u00fccken) die Ausstellung besuchen; dass dabei gerade die italienischen Schulen durch Abwesenheit gl\u00e4nzen, ist entt\u00e4uschend, w\u00fcrden doch gerade auch unsere italienischsprachigen Mitb\u00fcrger von der Ausstellung profitieren und sich ein differenziertes Geschichtsbild erarbeiten k\u00f6nnen. Es besteht zudem die Gefahr, dass die Besucherzahlen nach einem Jahr, nachdem der Neuigkeitswert verblasst, weniger werden. Dann muss man sich fragen, ob das Ziel, dass durch das Dokumentationszentrum im Land eine kritische Auseinandersetzung mit der Vergangenheit stattfindet, \u00fcberhaupt erreicht werden kann. Von au\u00dfen betrachtend wird dies jedenfalls niemals passieren.<\/p>\n<p><strong><span style=\"font-family: Helvetica, Arial, sans-serif; text-transform: uppercase;\">C\u00ebla enghe:<\/span><\/strong> <a title=\"Historisierung anders.\" href=\"http:\/\/www.brennerbasisdemokratie.eu\/?p=23297\"><code>01<\/code><\/a> <a title=\"Tag der Aufarbeitung.\" href=\"http:\/\/www.brennerbasisdemokratie.eu\/?p=19936\"><code>02<\/code><\/a> <a title=\"Mussolini Krux.\" href=\"http:\/\/www.brennerbasisdemokratie.eu\/?p=23354\"><code>03<\/code><\/a> <a title=\"Relikte und Museen.\" href=\"https:\/\/www.brennerbasisdemokratie.eu\/?p=19097\"><code>04<\/code><\/a> <a title=\"Staatlich-faschistische Kooperation.\" href=\"http:\/\/www.brennerbasisdemokratie.eu\/?p=23966\"><code>05<\/code><\/a> <a title=\"Siegesdenkmal: Historisierung verh\u00f6hnt.\" href=\"https:\/\/www.brennerbasisdemokratie.eu\/?p=43280\"><span style=\"color: #ff8c00\"><code>06<\/code><\/span><\/a><\/p>","protected":false},"excerpt":{"rendered":"<p>Vor einem Jahr wurde das Dokumentationszentrum am Siegesplatz er\u00f6ffnet. Nun wurde Bilanz gezogen, mit knapp 40.000 Besuchern ist das Ergebnis nicht gerade berauschend. Laut dem Historiker Hannes Obermair im Interview mit Rai S\u00fcdtirol (am 20.07.15) ist die Besucherfrequenz zufriedenstellend, das Dokumentationszentrum hat nicht den Attraktionsgrad von \u00d6tzi, mit etwas mehr als 100 Besuchern pro Tag [&hellip;]<\/p>","protected":false},"author":11,"featured_media":0,"comment_status":"open","ping_status":"open","sticky":false,"template":"","format":"standard","meta":{"_crdt_document":"","ngg_post_thumbnail":0,"_jetpack_memberships_contains_paid_content":false,"footnotes":""},"categories":[1],"tags":[],"class_list":["post-24663","post","type-post","status-publish","format-standard","hentry","category-allgemein","issue-faschistische-relikte","issue-geschichtsaufarbeitung","language-deutsch","medium-rai","person-hannes-obermair","topic-bildung","topic-faschismen","topic-geschichte","topic-medien","topic-scola"],"jetpack_featured_media_url":"","jetpack_sharing_enabled":true,"_links":{"self":[{"href":"https:\/\/www.brennerbasisdemokratie.eu\/index.php?rest_route=\/wp\/v2\/posts\/24663","targetHints":{"allow":["GET"]}}],"collection":[{"href":"https:\/\/www.brennerbasisdemokratie.eu\/index.php?rest_route=\/wp\/v2\/posts"}],"about":[{"href":"https:\/\/www.brennerbasisdemokratie.eu\/index.php?rest_route=\/wp\/v2\/types\/post"}],"author":[{"embeddable":true,"href":"https:\/\/www.brennerbasisdemokratie.eu\/index.php?rest_route=\/wp\/v2\/users\/11"}],"replies":[{"embeddable":true,"href":"https:\/\/www.brennerbasisdemokratie.eu\/index.php?rest_route=%2Fwp%2Fv2%2Fcomments&post=24663"}],"version-history":[{"count":12,"href":"https:\/\/www.brennerbasisdemokratie.eu\/index.php?rest_route=\/wp\/v2\/posts\/24663\/revisions"}],"predecessor-version":[{"id":65912,"href":"https:\/\/www.brennerbasisdemokratie.eu\/index.php?rest_route=\/wp\/v2\/posts\/24663\/revisions\/65912"}],"wp:attachment":[{"href":"https:\/\/www.brennerbasisdemokratie.eu\/index.php?rest_route=%2Fwp%2Fv2%2Fmedia&parent=24663"}],"wp:term":[{"taxonomy":"category","embeddable":true,"href":"https:\/\/www.brennerbasisdemokratie.eu\/index.php?rest_route=%2Fwp%2Fv2%2Fcategories&post=24663"},{"taxonomy":"post_tag","embeddable":true,"href":"https:\/\/www.brennerbasisdemokratie.eu\/index.php?rest_route=%2Fwp%2Fv2%2Ftags&post=24663"}],"curies":[{"name":"wp","href":"https:\/\/api.w.org\/{rel}","templated":true}]}}