{"id":24711,"date":"2015-07-28T17:31:17","date_gmt":"2015-07-28T15:31:17","guid":{"rendered":"http:\/\/www.brennerbasisdemokratie.eu\/?p=24711"},"modified":"2026-02-14T16:20:18","modified_gmt":"2026-02-14T15:20:18","slug":"weisse-seiten-informiert","status":"publish","type":"post","link":"https:\/\/www.brennerbasisdemokratie.eu\/?p=24711","title":{"rendered":"Wei\u00dfe Seiten \u203ainformiert\u2039\u2026"},"content":{"rendered":"<p>Sollte sich mal wieder jemand fragen, ob sich \u00fcber 40 Jahre Autonomie (im Sinne einer Normalisierung der Zweisprachigkeit) gelohnt haben \u2014 hier ein kleiner Hinweis aus den Wei\u00dfen Seiten. Falls Zweifel bestehen: Das ist der \u00bbdeutsche\u00ab Teil des Telefonbuchs 2014\/15 (nicht 1923\/24), bei fast jeder und jedem zu Hause \u00fcberpr\u00fcfbar.<\/p>\n<blockquote><p><img loading=\"lazy\" decoding=\"async\" class=\"aligncenter size-full wp-image-24712\" src=\"http:\/\/www.brennerbasisdemokratie.eu\/wp-content\/uploads\/2015\/07\/postweisseseiten.jpg\" alt=\"Wei\u00dfe Seiten: Post.\" width=\"600\" height=\"781\" srcset=\"https:\/\/www.brennerbasisdemokratie.eu\/wp-content\/uploads\/2015\/07\/postweisseseiten.jpg 600w, https:\/\/www.brennerbasisdemokratie.eu\/wp-content\/uploads\/2015\/07\/postweisseseiten-230x300.jpg 230w\" sizes=\"auto, (max-width: 600px) 100vw, 600px\" \/><\/p><\/blockquote>\n<p>Selbstverst\u00e4ndlich wird man unter der empfohlenen Nummer nur einsprachig beraten. Und auch die Homepage gibt es nur auf Italienisch.<\/p>\n<p>Aber: N\u00e4chstes Jahr wirds <em>bestimmt<\/em> besser!<br \/>\n<strong><br \/>\n<span style=\"font-family: Helvetica, Arial, sans-serif; text-transform: uppercase;\">C\u00ebla enghe:<\/span><\/strong> <a title=\"Post national.\" href=\"http:\/\/www.brennerbasisdemokratie.eu\/?p=22459\"><code>01<\/code><\/a>&nbsp;<a title=\"Zwei Fehlersuchbilder.\" href=\"http:\/\/www.brennerbasisdemokratie.eu\/?p=24595\"><code>02<\/code><\/a> <a title=\"Im Namen der Post.\" href=\"http:\/\/www.brennerbasisdemokratie.eu\/?p=5749\"><code>03<\/code><\/a> <a title=\"Suprematistische Zweisprachigkeit.\" href=\"http:\/\/www.brennerbasisdemokratie.eu\/?p=24695\"><code>04<\/code><\/a><\/p>","protected":false},"excerpt":{"rendered":"<p>Sollte sich mal wieder jemand fragen, ob sich \u00fcber 40 Jahre Autonomie (im Sinne einer Normalisierung der Zweisprachigkeit) gelohnt haben \u2014 hier ein kleiner Hinweis aus den Wei\u00dfen Seiten. Falls Zweifel bestehen: Das ist der \u00bbdeutsche\u00ab Teil des Telefonbuchs 2014\/15 (nicht 1923\/24), bei fast jeder und jedem zu Hause \u00fcberpr\u00fcfbar. Selbstverst\u00e4ndlich wird man unter der [&hellip;]<\/p>","protected":false},"author":1,"featured_media":0,"comment_status":"open","ping_status":"open","sticky":false,"template":"","format":"standard","meta":{"_crdt_document":"","ngg_post_thumbnail":0,"_jetpack_memberships_contains_paid_content":false,"footnotes":""},"categories":[1],"tags":[],"class_list":["post-24711","post","type-post","status-publish","format-standard","hentry","category-allgemein","issue-bilinguismo-negato","issue-italianizzazione","location-sudtirolo","language-deutsch","topic-discriminaziun","topic-nationalismus","topic-ortsnamen","topic-plurilinguism","topic-postdienst","topic-recht","topic-servicepublic","topic-sprachpfusch","topic-verbraucherinnen","topic-vorzeigeautonomie"],"jetpack_featured_media_url":"","jetpack_sharing_enabled":true,"_links":{"self":[{"href":"https:\/\/www.brennerbasisdemokratie.eu\/index.php?rest_route=\/wp\/v2\/posts\/24711","targetHints":{"allow":["GET"]}}],"collection":[{"href":"https:\/\/www.brennerbasisdemokratie.eu\/index.php?rest_route=\/wp\/v2\/posts"}],"about":[{"href":"https:\/\/www.brennerbasisdemokratie.eu\/index.php?rest_route=\/wp\/v2\/types\/post"}],"author":[{"embeddable":true,"href":"https:\/\/www.brennerbasisdemokratie.eu\/index.php?rest_route=\/wp\/v2\/users\/1"}],"replies":[{"embeddable":true,"href":"https:\/\/www.brennerbasisdemokratie.eu\/index.php?rest_route=%2Fwp%2Fv2%2Fcomments&post=24711"}],"version-history":[{"count":10,"href":"https:\/\/www.brennerbasisdemokratie.eu\/index.php?rest_route=\/wp\/v2\/posts\/24711\/revisions"}],"predecessor-version":[{"id":98126,"href":"https:\/\/www.brennerbasisdemokratie.eu\/index.php?rest_route=\/wp\/v2\/posts\/24711\/revisions\/98126"}],"wp:attachment":[{"href":"https:\/\/www.brennerbasisdemokratie.eu\/index.php?rest_route=%2Fwp%2Fv2%2Fmedia&parent=24711"}],"wp:term":[{"taxonomy":"category","embeddable":true,"href":"https:\/\/www.brennerbasisdemokratie.eu\/index.php?rest_route=%2Fwp%2Fv2%2Fcategories&post=24711"},{"taxonomy":"post_tag","embeddable":true,"href":"https:\/\/www.brennerbasisdemokratie.eu\/index.php?rest_route=%2Fwp%2Fv2%2Ftags&post=24711"}],"curies":[{"name":"wp","href":"https:\/\/api.w.org\/{rel}","templated":true}]}}