{"id":24764,"date":"2015-08-05T13:55:51","date_gmt":"2015-08-05T11:55:51","guid":{"rendered":"http:\/\/www.brennerbasisdemokratie.eu\/?p=24764"},"modified":"2025-07-10T16:45:33","modified_gmt":"2025-07-10T14:45:33","slug":"gut-gekuehlt","status":"publish","type":"post","link":"https:\/\/www.brennerbasisdemokratie.eu\/?p=24764","title":{"rendered":"Gut gek\u00fchlt."},"content":{"rendered":"<p>Ich sitze gerade im Zug von Bozen nach Franzensfeste. Drau\u00dfen herrschen Temperaturen von mehr als 30\u00b0, hier im Fahrgastraum allerdings f\u00fchlt man sich wie eine Gurke im K\u00fchlschrank. Die Dame vor mir, Pendler wie ich, ist ger\u00fcstet und kramt einen Pullover und Kopftuch routiniert aus der Tasche. Auch die anderen Pendler st\u00f6hnen, nicht wegen der Hitze sondern wegen der herrschenden Eisesk\u00e4lte. Ich begebe mich zum Schaffner, der meint lapidar, seit sie die Wagen umgebaut haben, kann die Klimaanlage nur mehr ein- oder ausgeschaltet werden. Er schaltet sie aus, nach zehn Minuten herrscht stickige Hitze, der Zugf\u00fchrer geht in Klausen nach hinten und schaltet die Anlage kommentarlos wieder ein. Die Pendler kramen wieder ihre Pullover hervor&#8230;<\/p>\n<blockquote><p><img loading=\"lazy\" decoding=\"async\" class=\"wp-image-24771 aligncenter\" src=\"http:\/\/www.brennerbasisdemokratie.eu\/wp-content\/uploads\/2015\/08\/IMG_20150804_153351.jpg\" alt=\"Gut gek\u00fchlt.\" width=\"216\" height=\"553\"\/><\/p><\/blockquote>\n<p><small><em>Nicht etwa eine Muslima, sondern eine Frau mit Schutzkleidung.<\/em><\/small><\/p>\n<p>Diese Episode tr\u00e4gt zum t\u00e4glichen Stress der Pendler bei, einmal herrschen Temperaturen von mehr als 40\u00b0, ein anderes Mal Eisesk\u00e4lte bis zum Ziel. Ich verk\u00fchle mich stets einmal im Sommer, obwohl ich immer einen Pullover in der Tasche habe. Die oben beschriebene Episode geschah in einem Zug der Tr\u00e4nitalia, die S\u00fcdtiroler <em>Flirts<\/em> sind auch nicht besser \u2014 meist zu kalt. Ich frage mich, wie so etwas im Jahr 2015 m\u00f6glich ist. Ich besitze ein franz\u00f6siches Mittelklasseauto mit automatischer Klimaanlage und diese funktioniert bestens, wobei es in einem Fahrzeug mit viel Glas und angewinkelten Scheiben eigentlich ungleich schwieriger ist, die richtige Temperatur zu finden. Ich habe den Verantwortlichen der Mobilit\u00e4t immer wieder \u00fcber dieses Problem berichtet, allerdings scheint es unl\u00f6sbar zu sein. Welch ein Fortschritt!<\/p>","protected":false},"excerpt":{"rendered":"<p>Ich sitze gerade im Zug von Bozen nach Franzensfeste. Drau\u00dfen herrschen Temperaturen von mehr als 30\u00b0, hier im Fahrgastraum allerdings f\u00fchlt man sich wie eine Gurke im K\u00fchlschrank. Die Dame vor mir, Pendler wie ich, ist ger\u00fcstet und kramt einen Pullover und Kopftuch routiniert aus der Tasche. Auch die anderen Pendler st\u00f6hnen, nicht wegen der [&hellip;]<\/p>","protected":false},"author":11,"featured_media":0,"comment_status":"open","ping_status":"open","sticky":false,"template":"","format":"standard","meta":{"_crdt_document":"","ngg_post_thumbnail":0,"_jetpack_memberships_contains_paid_content":false,"footnotes":""},"categories":[1],"tags":[],"class_list":["post-24764","post","type-post","status-publish","format-standard","hentry","category-allgemein","entity-trenitalia","location-sudtirolo","language-deutsch","topic-ov","topic-servicepublic"],"jetpack_featured_media_url":"","jetpack_sharing_enabled":true,"_links":{"self":[{"href":"https:\/\/www.brennerbasisdemokratie.eu\/index.php?rest_route=\/wp\/v2\/posts\/24764","targetHints":{"allow":["GET"]}}],"collection":[{"href":"https:\/\/www.brennerbasisdemokratie.eu\/index.php?rest_route=\/wp\/v2\/posts"}],"about":[{"href":"https:\/\/www.brennerbasisdemokratie.eu\/index.php?rest_route=\/wp\/v2\/types\/post"}],"author":[{"embeddable":true,"href":"https:\/\/www.brennerbasisdemokratie.eu\/index.php?rest_route=\/wp\/v2\/users\/11"}],"replies":[{"embeddable":true,"href":"https:\/\/www.brennerbasisdemokratie.eu\/index.php?rest_route=%2Fwp%2Fv2%2Fcomments&post=24764"}],"version-history":[{"count":14,"href":"https:\/\/www.brennerbasisdemokratie.eu\/index.php?rest_route=\/wp\/v2\/posts\/24764\/revisions"}],"predecessor-version":[{"id":93297,"href":"https:\/\/www.brennerbasisdemokratie.eu\/index.php?rest_route=\/wp\/v2\/posts\/24764\/revisions\/93297"}],"wp:attachment":[{"href":"https:\/\/www.brennerbasisdemokratie.eu\/index.php?rest_route=%2Fwp%2Fv2%2Fmedia&parent=24764"}],"wp:term":[{"taxonomy":"category","embeddable":true,"href":"https:\/\/www.brennerbasisdemokratie.eu\/index.php?rest_route=%2Fwp%2Fv2%2Fcategories&post=24764"},{"taxonomy":"post_tag","embeddable":true,"href":"https:\/\/www.brennerbasisdemokratie.eu\/index.php?rest_route=%2Fwp%2Fv2%2Ftags&post=24764"}],"curies":[{"name":"wp","href":"https:\/\/api.w.org\/{rel}","templated":true}]}}