{"id":24803,"date":"2015-08-11T18:30:09","date_gmt":"2015-08-11T16:30:09","guid":{"rendered":"http:\/\/www.brennerbasisdemokratie.eu\/?p=24803"},"modified":"2023-09-26T18:11:46","modified_gmt":"2023-09-26T16:11:46","slug":"diskussion-mit-fuerst-und-landeshauptmann","status":"publish","type":"post","link":"https:\/\/www.brennerbasisdemokratie.eu\/?p=24803","title":{"rendered":"Gespr\u00e4ch mit F\u00fcrst und Landeshauptmann."},"content":{"rendered":"<blockquote><p><img loading=\"lazy\" decoding=\"async\" class=\"aligncenter size-full wp-image-24812\" src=\"http:\/\/www.brennerbasisdemokratie.eu\/wp-content\/uploads\/2015\/08\/derstaatim3jahrtausend.jpg\" alt=\"Der Staat im dritten Jahrtausend.\" width=\"600\" height=\"376\" srcset=\"https:\/\/www.brennerbasisdemokratie.eu\/wp-content\/uploads\/2015\/08\/derstaatim3jahrtausend.jpg 600w, https:\/\/www.brennerbasisdemokratie.eu\/wp-content\/uploads\/2015\/08\/derstaatim3jahrtausend-479x300.jpg 479w\" sizes=\"auto, (max-width: 600px) 100vw, 600px\" \/><\/p><\/blockquote>\n<p>F\u00fcrst <strong>Hans-Adam II.<\/strong> von Liechtenstein wird am 5. September in S\u00fcdtirol sein, um sein Buch \u00bbDer Staat im Dritten Jahrtausend\u00ab vorzustellen. Die Veranstaltung findet ab 19.30 Uhr im \u00bbKulturhaus Karl Sch\u00f6nherr\u00ab von Schlanders statt.<\/p>\n<p>Bei dieser Gelegenheit wird das liechtensteinische Staatsoberhaupt ab 21.15 Uhr \u2014 unter der Moderation des Lananer B\u00fcrgermeisters Harald Stauder \u2014 in engster Runde diskutieren: Mit Landeshauptmann <strong>Arno Kompatscher<\/strong> und <strong>Wolfgang Niederhofer<\/strong> (<img class=\"bbdlogo\" src=\"https:\/\/www.brennerbasisdemokratie.eu\/wp-content\/uploads\/bbdsmileys\/bbde.png\">).<\/p>\n<p style=\"text-align: center;\"><hr class=\"dotted-hr\" style=\"height: 4px; width: 100%; border: none; margin-top: 0em; margin-bottom: 0em; background-color: black;\"\/><\/p>\n<p>Hans-Adam II. \u00fcbernahm 1989 die Regierungsgesch\u00e4fte des Landes am Alpenrhein, das zu den kleinsten souver\u00e4nen Staaten der Welt geh\u00f6rt. Unter seiner F\u00fchrung trat Liechtenstein den Vereinten Nationen (UNO) und dem Europ\u00e4ischen Wirtschaftsraum (EWR) bei. 2004 \u00fcbergab er die Amtsgesch\u00e4fte seinem Sohn Alois.<\/p>\n<p>Tr\u00e4ger der Veranstaltung sind die Marktgemeinde Schlanders und die Sch\u00fctzenkompanien Schlanders, G\u00f6flan und Kortsch.<\/p>\n<p><strong><span style=\"font-family: Helvetica, Arial, sans-serif; text-transform: uppercase;\">C\u00ebla enghe:<\/span><\/strong> <a title=\"Der \u2019Runde Tisch\u2019 mit :BBD:.\" href=\"http:\/\/www.brennerbasisdemokratie.eu\/?p=21064\"><code>01<\/code><\/a> <a title=\":BBD: bei \u00bbAnsichtssache\u00ab.\" href=\"http:\/\/www.brennerbasisdemokratie.eu\/?p=21577\"><code>02<\/code><\/a> <a title=\":BBD: am \u2019Runden Tisch\u2019.\" href=\"http:\/\/www.brennerbasisdemokratie.eu\/?p=21031\"><code>03<\/code><\/a><\/p>","protected":false},"excerpt":{"rendered":"<p>F\u00fcrst Hans-Adam II. von Liechtenstein wird am 5. September in S\u00fcdtirol sein, um sein Buch \u00bbDer Staat im Dritten Jahrtausend\u00ab vorzustellen. Die Veranstaltung findet ab 19.30 Uhr im \u00bbKulturhaus Karl Sch\u00f6nherr\u00ab von Schlanders statt. Bei dieser Gelegenheit wird das liechtensteinische Staatsoberhaupt ab 21.15 Uhr \u2014 unter der Moderation des Lananer B\u00fcrgermeisters Harald Stauder \u2014 in [&hellip;]<\/p>","protected":false},"author":1,"featured_media":0,"comment_status":"open","ping_status":"open","sticky":false,"template":"","format":"standard","meta":{"_crdt_document":"","ngg_post_thumbnail":0,"_jetpack_memberships_contains_paid_content":false,"footnotes":""},"categories":[1],"tags":[],"class_list":["post-24803","post","type-post","status-publish","format-standard","hentry","category-allgemein","entity-svp","entity-uno","location-liechtenstein","location-sudtirolo","language-deutsch","person-arno-kompatscher","person-harald-stauder","topic-kleinstaaten","topic-politik","topic-termin"],"jetpack_featured_media_url":"","jetpack_sharing_enabled":true,"_links":{"self":[{"href":"https:\/\/www.brennerbasisdemokratie.eu\/index.php?rest_route=\/wp\/v2\/posts\/24803","targetHints":{"allow":["GET"]}}],"collection":[{"href":"https:\/\/www.brennerbasisdemokratie.eu\/index.php?rest_route=\/wp\/v2\/posts"}],"about":[{"href":"https:\/\/www.brennerbasisdemokratie.eu\/index.php?rest_route=\/wp\/v2\/types\/post"}],"author":[{"embeddable":true,"href":"https:\/\/www.brennerbasisdemokratie.eu\/index.php?rest_route=\/wp\/v2\/users\/1"}],"replies":[{"embeddable":true,"href":"https:\/\/www.brennerbasisdemokratie.eu\/index.php?rest_route=%2Fwp%2Fv2%2Fcomments&post=24803"}],"version-history":[{"count":13,"href":"https:\/\/www.brennerbasisdemokratie.eu\/index.php?rest_route=\/wp\/v2\/posts\/24803\/revisions"}],"predecessor-version":[{"id":81005,"href":"https:\/\/www.brennerbasisdemokratie.eu\/index.php?rest_route=\/wp\/v2\/posts\/24803\/revisions\/81005"}],"wp:attachment":[{"href":"https:\/\/www.brennerbasisdemokratie.eu\/index.php?rest_route=%2Fwp%2Fv2%2Fmedia&parent=24803"}],"wp:term":[{"taxonomy":"category","embeddable":true,"href":"https:\/\/www.brennerbasisdemokratie.eu\/index.php?rest_route=%2Fwp%2Fv2%2Fcategories&post=24803"},{"taxonomy":"post_tag","embeddable":true,"href":"https:\/\/www.brennerbasisdemokratie.eu\/index.php?rest_route=%2Fwp%2Fv2%2Ftags&post=24803"}],"curies":[{"name":"wp","href":"https:\/\/api.w.org\/{rel}","templated":true}]}}