{"id":24874,"date":"2015-08-17T14:02:12","date_gmt":"2015-08-17T12:02:12","guid":{"rendered":"http:\/\/www.brennerbasisdemokratie.eu\/?p=24874"},"modified":"2025-11-20T11:11:32","modified_gmt":"2025-11-20T10:11:32","slug":"quotation-221-die-vereinigten-regionen-von-europa","status":"publish","type":"post","link":"https:\/\/www.brennerbasisdemokratie.eu\/?p=24874","title":{"rendered":"Vereinigte Regionen von Europa."},"content":{"rendered":"<blockquote><p><strong>Die EU kommt nicht aus der Krise. Hat das Projekt Europa noch eine gro\u00dfe Zukunft?<\/strong><\/p>\n<p>Ja, es ist vital, lebensf\u00e4hig und zukunftsf\u00e4hig. Ein Friedensmodell. Europa muss nur endlich zu einem Bund verschmelzen. Ich meine keinen zentralistischen Riesenstaat, sondern die Summe von Regionen, Kantonen und Bundesl\u00e4ndern: Die Vereinigten Regionen von Europa. Wir S\u00fcdtiroler s\u00e4\u00dfen dann nicht mehr zwischen den St\u00fchlen, wir w\u00fcrden vielleicht sogar zu einer Region namens Tirol z\u00e4hlen, wir w\u00e4ren Europ\u00e4er und Tiroler, wie vor 100&nbsp;Jahren.<\/p>\n<p><strong>Dieses Modell w\u00fcrde die Grenzziehung nach dem Ersten Weltkrieg r\u00fcckg\u00e4ngig machen.<\/strong><\/p>\n<p>Innerhalb eines Europas der Regionen gibt es keine nationalen Grenzen, nur regionale Verantwortung, gemeinsame Werte, gleiche Wettbewerbsbedingungen und&nbsp;Solidarit\u00e4t.<\/p>\n<p><strong>Vorausgesetzt die EU entwickelt sich in diese Richtung: Wie viel Zeit, glauben Sie, wird noch vergehen?<\/strong><\/p>\n<p>Die Nationalstaaten m\u00fcssen sich innerhalb der n\u00e4chsten <span class=\"nowrap\">50<\/span> Jahre verfl\u00fcchtigen. Wenn es erreicht ist, bedeutet es f\u00fcr alle Europ\u00e4er ein Mehr an Lebensqualit\u00e4t, bessere Chancen, wenn auch kein freieres Dasein als B\u00fcrger. Voraussetzung bleibt, die Nationalstaaten treten langsam zur\u00fcck und geben noch mehr Macht ab: Kompetenzen an das gemeinsame Ganze in Br\u00fcssel und an die kleineren, &#8220;autonomen&#8221; Strukturen. Gleichzeitig w\u00fcrde das die kleineren Strukturen st\u00e4rker machen, die Regionen, in denen die B\u00fcrger oft auch direkt abstimmen sollten. Europa ist zu gro\u00df, um alles basisdemokratisch zu&nbsp;regeln.<\/p><\/blockquote>\n<p><em>aus dem <a title=\"Interview-Messner-SZ\" href=\"http:\/\/www.sueddeutsche.de\/politik\/reinhold-messner-im-gespraech-ein-deutscher-soll-nicht-nur-deutsch-denken-1.2600713\">Interview<\/a> mit Reinhold Messner in der <abbr title=\"S\u00fcddeutsche Zeitung\">SZ<\/abbr> vom 17. August 2015<\/em><\/p>\n<p><strong><span style=\"font-family: Helvetica, Arial, sans-serif; text-transform: uppercase;\">C\u00ebla enghe:<\/span><\/strong> <a title=\"Mehr Kleinstaaten \u2014 mehr Integration!\" href=\"http:\/\/www.brennerbasisdemokratie.eu\/?p=20756\"><code>01<\/code><\/a> <a title=\"Lob der Kleinstaaterei.\" href=\"http:\/\/www.brennerbasisdemokratie.eu\/?p=18344\"><code>02<\/code><\/a> <a title=\"\u00bbOttomanische\u00ab EU.\" href=\"http:\/\/www.brennerbasisdemokratie.eu\/?p=18896\"><code>03<\/code><\/a> <a title=\"Ein Plan B f\u00fcr Europa.\" href=\"http:\/\/www.brennerbasisdemokratie.eu\/?p=29786\"><code>04<\/code><\/a> <span style=\"font-family: Helvetica, Arial, sans-serif; font-weight: normal;\">||<\/span> <a title=\"Sudtirolo indipendente, possibile modello per l\u2019Unione europea.\" href=\"https:\/\/www.brennerbasisdemokratie.eu\/?p=96232\"><span style=\"color: #ff8c00\"><code>01<\/code><\/span><\/a><\/p>","protected":false},"excerpt":{"rendered":"<p>Die EU kommt nicht aus der Krise. Hat das Projekt Europa noch eine gro\u00dfe Zukunft? Ja, es ist vital, lebensf\u00e4hig und zukunftsf\u00e4hig. Ein Friedensmodell. Europa muss nur endlich zu einem Bund verschmelzen. Ich meine keinen zentralistischen Riesenstaat, sondern die Summe von Regionen, Kantonen und Bundesl\u00e4ndern: Die Vereinigten Regionen von Europa. Wir S\u00fcdtiroler s\u00e4\u00dfen dann nicht [&hellip;]<\/p>","protected":false},"author":11,"featured_media":0,"comment_status":"open","ping_status":"open","sticky":false,"template":"","format":"standard","meta":{"_crdt_document":"","ngg_post_thumbnail":0,"_jetpack_memberships_contains_paid_content":false,"footnotes":""},"categories":[1],"tags":[],"class_list":["post-24874","post","type-post","status-publish","format-standard","hentry","category-allgemein","entity-eu","entity-euregio","issue-quotation","location-europa","language-deutsch","medium-sz","person-reinhold-messner","topic-foederalismus","topic-grenzen","topic-medien","topic-mitbestimmung","topic-politik","topic-zentralismus"],"jetpack_featured_media_url":"","jetpack_sharing_enabled":true,"_links":{"self":[{"href":"https:\/\/www.brennerbasisdemokratie.eu\/index.php?rest_route=\/wp\/v2\/posts\/24874","targetHints":{"allow":["GET"]}}],"collection":[{"href":"https:\/\/www.brennerbasisdemokratie.eu\/index.php?rest_route=\/wp\/v2\/posts"}],"about":[{"href":"https:\/\/www.brennerbasisdemokratie.eu\/index.php?rest_route=\/wp\/v2\/types\/post"}],"author":[{"embeddable":true,"href":"https:\/\/www.brennerbasisdemokratie.eu\/index.php?rest_route=\/wp\/v2\/users\/11"}],"replies":[{"embeddable":true,"href":"https:\/\/www.brennerbasisdemokratie.eu\/index.php?rest_route=%2Fwp%2Fv2%2Fcomments&post=24874"}],"version-history":[{"count":17,"href":"https:\/\/www.brennerbasisdemokratie.eu\/index.php?rest_route=\/wp\/v2\/posts\/24874\/revisions"}],"predecessor-version":[{"id":96254,"href":"https:\/\/www.brennerbasisdemokratie.eu\/index.php?rest_route=\/wp\/v2\/posts\/24874\/revisions\/96254"}],"wp:attachment":[{"href":"https:\/\/www.brennerbasisdemokratie.eu\/index.php?rest_route=%2Fwp%2Fv2%2Fmedia&parent=24874"}],"wp:term":[{"taxonomy":"category","embeddable":true,"href":"https:\/\/www.brennerbasisdemokratie.eu\/index.php?rest_route=%2Fwp%2Fv2%2Fcategories&post=24874"},{"taxonomy":"post_tag","embeddable":true,"href":"https:\/\/www.brennerbasisdemokratie.eu\/index.php?rest_route=%2Fwp%2Fv2%2Ftags&post=24874"}],"curies":[{"name":"wp","href":"https:\/\/api.w.org\/{rel}","templated":true}]}}