{"id":24898,"date":"2015-08-18T09:00:05","date_gmt":"2015-08-18T07:00:05","guid":{"rendered":"http:\/\/www.brennerbasisdemokratie.eu\/?p=24898"},"modified":"2022-07-04T22:18:28","modified_gmt":"2022-07-04T20:18:28","slug":"quotation-222-der-rassismuslackmustest","status":"publish","type":"post","link":"https:\/\/www.brennerbasisdemokratie.eu\/?p=24898","title":{"rendered":"Der Rassismuslackmustest."},"content":{"rendered":"<blockquote><p>Die Roma und Sinti* erschaffen in der Abgrenzung ihre Identit\u00e4t. Erst der Feind gibt ihnen die M\u00f6glichkeit, zu wissen, wer sie sind. Er ist der Spiegel, in dem sie sich erkennen. Ohne ihn w\u00e4ren sie orientierungslos und verloren. [\u2026] Denn die Roma und Sinti erleben jetzt, was geschieht, wenn sie wirklich unter sich sind: Sie versinken im Sumpf der Korruption. [\u2026] Die Roma und Sinti sind die gr\u00f6\u00dften Feinde der Roma und Sinti, weil sie es verlernt haben, sich auf angemessene Weise mit der Welt zu verbinden. Sie verstehen sich nicht als B\u00fcrger dieser Welt, sondern als r\u00e4uberische Piraten.<\/p>\n<p>\u2014 aus: &#8220;Land der Zukunft&#8221; von Ulrich Ladurner, ff November 2012<\/p><\/blockquote>\n<blockquote><p>Die Albaner sind stolz auf ihre Provinzialit\u00e4t.<\/p>\n<p>Warum sollte der Moslem sich der Welt \u00f6ffnen, wenn er bisher doch sehr gut damit gefahren ist, sich ihr nicht zu \u00f6ffnen.<\/p>\n<p>Selbstbezogenheit ist f\u00fcr Psychologen wie f\u00fcr Politikwissenschaftler eine negative Kategorie, die schwerwiegende Folgen f\u00fcr die Betroffenen haben kann. Afrikaner aber glauben, dass negativ nicht gleich sch\u00e4dlich bedeutet.<\/p>\n<p>\u2014 aus: \u201cDie Berge haben keine Schuld\u201d von Ulrich Ladurner, ff August 2015<\/p><\/blockquote>\n<p><em>* Das Wort &#8220;S\u00fcdtiroler&#8221; im Originaltext wurde jeweils durch eine Bezeichnung anderer Personengruppen ersetzt.<\/em><\/p>\n<p><strong><span style=\"font-family: Helvetica, Arial, sans-serif; text-transform: uppercase;\">C\u00ebla enghe:<\/span><\/strong> <a title=\"Die Zeit(ung) hat keine Schuld.\" href=\"http:\/\/www.brennerbasisdemokratie.eu\/?p=24827\"><code>01<\/code><\/a> <a title=\"Analyse zweier Koryph\u00e4en.\" href=\"http:\/\/www.brennerbasisdemokratie.eu\/?p=13238\"><code>02<\/code><\/a><\/p>","protected":false},"excerpt":{"rendered":"<p>Die Roma und Sinti* erschaffen in der Abgrenzung ihre Identit\u00e4t. Erst der Feind gibt ihnen die M\u00f6glichkeit, zu wissen, wer sie sind. Er ist der Spiegel, in dem sie sich erkennen. Ohne ihn w\u00e4ren sie orientierungslos und verloren. [\u2026] Denn die Roma und Sinti erleben jetzt, was geschieht, wenn sie wirklich unter sich sind: Sie [&hellip;]<\/p>","protected":false},"author":8,"featured_media":0,"comment_status":"open","ping_status":"open","sticky":false,"template":"","format":"standard","meta":{"_crdt_document":"","ngg_post_thumbnail":0,"_jetpack_memberships_contains_paid_content":false,"footnotes":""},"categories":[1],"tags":[],"class_list":["post-24898","post","type-post","status-publish","format-standard","hentry","category-allgemein","issue-quotation","location-sudtirolo","language-deutsch","medium-ff","person-ulrich-ladurner","topic-comparatio","topic-discriminaziun","topic-faschismen","topic-kohasion","topic-medien","topic-racism","topic-romasinti","topic-tech_com","topic-transparenz"],"jetpack_featured_media_url":"","jetpack_sharing_enabled":true,"_links":{"self":[{"href":"https:\/\/www.brennerbasisdemokratie.eu\/index.php?rest_route=\/wp\/v2\/posts\/24898","targetHints":{"allow":["GET"]}}],"collection":[{"href":"https:\/\/www.brennerbasisdemokratie.eu\/index.php?rest_route=\/wp\/v2\/posts"}],"about":[{"href":"https:\/\/www.brennerbasisdemokratie.eu\/index.php?rest_route=\/wp\/v2\/types\/post"}],"author":[{"embeddable":true,"href":"https:\/\/www.brennerbasisdemokratie.eu\/index.php?rest_route=\/wp\/v2\/users\/8"}],"replies":[{"embeddable":true,"href":"https:\/\/www.brennerbasisdemokratie.eu\/index.php?rest_route=%2Fwp%2Fv2%2Fcomments&post=24898"}],"version-history":[{"count":16,"href":"https:\/\/www.brennerbasisdemokratie.eu\/index.php?rest_route=\/wp\/v2\/posts\/24898\/revisions"}],"predecessor-version":[{"id":44878,"href":"https:\/\/www.brennerbasisdemokratie.eu\/index.php?rest_route=\/wp\/v2\/posts\/24898\/revisions\/44878"}],"wp:attachment":[{"href":"https:\/\/www.brennerbasisdemokratie.eu\/index.php?rest_route=%2Fwp%2Fv2%2Fmedia&parent=24898"}],"wp:term":[{"taxonomy":"category","embeddable":true,"href":"https:\/\/www.brennerbasisdemokratie.eu\/index.php?rest_route=%2Fwp%2Fv2%2Fcategories&post=24898"},{"taxonomy":"post_tag","embeddable":true,"href":"https:\/\/www.brennerbasisdemokratie.eu\/index.php?rest_route=%2Fwp%2Fv2%2Ftags&post=24898"}],"curies":[{"name":"wp","href":"https:\/\/api.w.org\/{rel}","templated":true}]}}