{"id":24945,"date":"2015-08-21T12:13:56","date_gmt":"2015-08-21T10:13:56","guid":{"rendered":"http:\/\/www.brennerbasisdemokratie.eu\/?p=24945"},"modified":"2026-02-03T10:38:29","modified_gmt":"2026-02-03T09:38:29","slug":"der-gruene-unionspass","status":"publish","type":"post","link":"https:\/\/www.brennerbasisdemokratie.eu\/?p=24945","title":{"rendered":"Der \u203agr\u00fcne\u2039 Unionspass."},"content":{"rendered":"<p>W\u00e4hrend der gestrigen <em>Tagesschau<\/em> um acht <em>(Rai S\u00fcdtirol)<\/em> wurde \u00fcber ein Treffen zwischen \u00f6sterreichischen und S\u00fcdtiroler <em>Gr\u00fcnen<\/em> berichtet, die sich einstimmig gegen den Doppelpass aussprachen (den der gr\u00fcne Landtagsabgeordnete Riccardo Dello Sbarba mal <a title=\"RDS: Sowohl als auch.\" href=\"https:\/\/riccardodellosbarba.wordpress.com\/2009\/02\/24\/sowohl-als-auch\/\" target=\"_blank\" rel=\"noopener noreferrer\">als L\u00f6sung angepriesen<\/a> hatte). Stattdessen bef\u00fcrworten die grenz\u00fcberschreitenden <em>Gr\u00fcnen<\/em> den \u00bbeurop\u00e4ischen Pass\u00ab, von dem sie auch gleich ein paar Exemplare gebastelt hatten.<\/p>\n<p><strong>Das ist eine Position, die grunds\u00e4tzlich auch <img class=\"bbdlogo\" src=\"https:\/\/www.brennerbasisdemokratie.eu\/wp-content\/uploads\/bbdsmileys\/bbde.png\"> unterst\u00fctzt.<\/strong><\/p>\n<p>Die Gr\u00fcnde allerdings, die die <em>Gr\u00fcnen<\/em> f\u00fcr die Ablehnung des Doppelpasses nennen, sind sehr aufschlussreich und \u2014 inakzeptabel.<\/p>\n<p>Mit der Verfassungsreform des (angeblich) autonomiefreundlichen italienischen Ministerpr\u00e4sidenten Renzi stehe die S\u00fcdtirolautonomie auf dem Pr\u00fcfstand, die Verabschiedung der Doppelstaatsb\u00fcrgerschaftsregelung k\u00f6nnte Italien \u00bbirritieren\u00ab. Und somit wohl der Autonomie schaden, liest man unschwer zwischen den Zeilen. Es geht in S\u00fcdtirol also immer mehr nur noch darum, <a title=\"Quotation (CLXXVI): Geheimautonomie.\" href=\"http:\/\/www.brennerbasisdemokratie.eu\/?p=21406\">sich ruhig und unauff\u00e4llig zu verhalten<\/a>, um den grunds\u00e4tzlich feindlich gesinnten Staat nicht zu st\u00f6ren. Mit einer derartigen \u2014 in einem demokratischen Land bedenklichen \u2014 <a title=\"Der Niedergang der Autonomie?\" href=\"http:\/\/www.brennerbasisdemokratie.eu\/?p=22190\">Auffassung<\/a> h\u00e4tte man die heutige Autonomie wohl niemals erringen k\u00f6nnen.<\/p>\n<p>Erstaunlich ist diese Haltung umso mehr, als Italien den Angeh\u00f6rigen \u00bbseiner\u00ab nationalen Minderheiten im Ausland seit Jahren <a title=\"Gesetz 124\/2006.\" href=\"http:\/\/www.brennerbasisdemokratie.eu\/wp-content\/uploads\/2015\/08\/gesetz124_2006.pdf\">den italienischen Pass vergibt<\/a>. Hierzu muss neben der Abstammung sogar nachgewiesen werden, dass Italienisch <a title=\"Rundschreiben Botschaft Zagreb.\" href=\"http:\/\/www.brennerbasisdemokratie.eu\/wp-content\/uploads\/2015\/08\/rundschreiben_zagreb.pdf\">die \u00bbgewohnte Sprache\u00ab der Antragsstellerin ist<\/a>. Auch die Bundesrepublik vergibt \u00fcbrigens Mitgliedern deutscher Minderheiten in Osteuropa die deutsche Staatsb\u00fcrgerinnenschaft.<\/p>\n<p>Die Nervosit\u00e4t der \u00f6sterreichischen <em>Gr\u00fcnen<\/em> in Hinblick auf italienische \u00bbIrritationen\u00ab n\u00e4hrt den Verdacht, dass sich Italien \u2014 wie die Doppelpassbef\u00fcrworter regelm\u00e4\u00dfig behaupten \u2014 auf diplomatischem Weg daf\u00fcr einsetzt, den Doppelpass zu verhindern.<\/p>\n<p>Der Kammerabgeordnete Florian Kronbichler sonderte im <em>Tagesschau<\/em>-Interview einmal mehr eine Gleichsetzung zwischen Doppelpass und Option ab, ein geradezu idiotisches Argument, auf das wir (in anderem Kontext) oft genug <a title=\"FAQ: Option.\" href=\"http:\/\/www.brennerbasisdemokratie.eu\/?page_id=200#33D\">geantwortet haben.<\/a> Dann ist der Verzicht auf den Doppelpass wohl auch mit faschistischer Assimilierung vergleichbar?<\/p>\n<p>Au\u00dferdem forderte Kronbichler \u00d6sterreich \u2014 sinngem\u00e4\u00df \u2014 auf, sich von der Erpressung durch S\u00fcdtiroler Patriotinnen zu l\u00f6sen und dem Doppelpass ein f\u00fcr alle mal eine Absage zu erteilen. Zur Erinnerung: Auch die Autonomiepartei SVP spricht sich (zumindest offiziell) f\u00fcr die Doppelpassregelung aus. Und nicht zuletzt ist Kronbichlers antinationalistische Aufforderung f\u00fcr jemanden, der f\u00fcr wohlwollende Berichterstattung von einer Waffengattung des italienischen Milit\u00e4rs ausgezeichnet wurde (und der diese Auszeichnung auch freudig entgegengenommen hat) geradezu\u2026 nennen wir es: putzig.<\/p>\n<p>Und nun zum europ\u00e4ischen Pass: Die gr\u00fcne Bastelarbeit in Ehren, aber es geht nicht nur um ein St\u00fcck Papier, um den \u00bbUmschlag\u00ab eines Reisedokuments. Wenn man so will, haben wir schon alle einen europ\u00e4ischen Pass mit europ\u00e4ischen Rechten, die zus\u00e4tzlich zu und aufgrund der nationalen Rechte anerkannt werden. Es geht hier nicht vordergr\u00fcndig um den Pass, sondern um die damit verbundene Staatsb\u00fcrgerschaft! Der europ\u00e4ische Pass ist aber wertlos, wenn ihm nicht eine ungeteilte europ\u00e4ische Staatsb\u00fcrgerschaft zugrundeliegt. Ein neuer Pass mit einheitlichem Erscheinungsbild, in dem wieder fein s\u00e4uberlich die nationale Staatsb\u00fcrgerschaft vermerkt wird (und an die weiterhin unterschiedliche Rechte und Pflichten gekoppelt sind), ist wertlos. Die <em>Gr\u00fcnen<\/em> sind also daran zu messen, wie ernsthaft sie im italienischen, im \u00f6sterreichischen, im europ\u00e4ischen und den \u00fcbrigen \u00bbnationalen\u00ab Parlamenten f\u00fcr die Abschaffung der nationalen Staatsb\u00fcrgerschaften k\u00e4mpfen.<\/p>\n<p>Ein einmaliges Lippenbekenntnis zum Unionspass zur Verhinderung des Doppelpasses k\u00f6nnen wir sonst unter demselben Kapitel verbuchen, wie die unz\u00e4hligen Sonntagsreden \u00fcber die <em>Europaregion<\/em> zur Verhinderung der Selbstbestimmung.<\/p>\n<p><a title=\"\u00d6sterreichische Bevormundung.\" href=\"http:\/\/www.brennerbasisdemokratie.eu\/?p=24434\">\u00c4hnlichen Unfug<\/a> haben die \u00f6sterreichischen <em>Gr\u00fcnen<\/em> erst k\u00fcrzlich im Nationalrat unterst\u00fctzt.<\/p>\n<p><strong><span style=\"font-family: Helvetica, Arial, sans-serif; text-transform: uppercase;\">C\u00ebla enghe:<\/span><\/strong> <a title=\"Weder Doppel-, noch EU-Pass.\" href=\"http:\/\/www.brennerbasisdemokratie.eu\/?p=49702\"><span style=\"color: #ff8c00\"><code>01<\/code><\/span><\/a><\/p>\n<p style=\"text-align: center;\"><hr class=\"dotted-hr\" style=\"height: 4px; width: 100%; border: none; margin-top: 0em; margin-bottom: 0em; background-color: black;\"\/><\/p>\n<p><em>Nachtrag vom 26.09.2016:<\/em><\/p>\n<blockquote><p>Erhard Busek, ex vicecancelliere austriaco, avanza sulla <em>ff<\/em> la proposta di una \u201ccittadinanza europea\u201d\u009d: cio\u00e8 non una doppia statualit\u00e0, ma una cittadinanza continentale da dare a zone simili al Sudtirolo. Una specie di \u201cterritorio europeo\u201d\u009d. Idea interessante, che recepirebbe il buone [sic] della mia idea togliendo il cattivo (il protagonismo degli stati nazionali), ma purtroppo in questo momento fumosa ed irrealistica: una cittadinanza europea non esiste attualmente e non vorrebbe dire nulla. Potr\u00e0 esistere solo quando l\u2019Europa avr\u00e0 pi\u00f9 solide fondamenta politiche e democratiche. Oggi un \u201cpassaporto europeo\u201d\u009d non darebbe alcun diritto in pi\u00f9 a chi lo ha, ma molti diritti in meno.<\/p><\/blockquote>\n<p><em>Riccardo Dello Sbarba <a title=\"Riccardo Dello Sbarba: Sowohl als auch.\" href=\"https:\/\/riccardodellosbarba.wordpress.com\/2009\/02\/24\/sowohl-als-auch\/\" target=\"_blank\" rel=\"noopener noreferrer\">am 20. J\u00e4nner 2010 in seinem Blog.<\/a><\/em><\/p>","protected":false},"excerpt":{"rendered":"<p>W\u00e4hrend der gestrigen Tagesschau um acht (Rai S\u00fcdtirol) wurde \u00fcber ein Treffen zwischen \u00f6sterreichischen und S\u00fcdtiroler Gr\u00fcnen berichtet, die sich einstimmig gegen den Doppelpass aussprachen (den der gr\u00fcne Landtagsabgeordnete Riccardo Dello Sbarba mal als L\u00f6sung angepriesen hatte). Stattdessen bef\u00fcrworten die grenz\u00fcberschreitenden Gr\u00fcnen den \u00bbeurop\u00e4ischen Pass\u00ab, von dem sie auch gleich ein paar Exemplare gebastelt hatten. [&hellip;]<\/p>","protected":false},"author":1,"featured_media":0,"comment_status":"open","ping_status":"open","sticky":false,"template":"","format":"standard","meta":{"_crdt_document":"","ngg_post_thumbnail":0,"_jetpack_memberships_contains_paid_content":false,"footnotes":""},"categories":[1],"tags":[],"class_list":["post-24945","post","type-post","status-publish","format-standard","hentry","category-allgemein","entity-eu","entity-euregio","entity-svp","entity-verc","issue-doppia-cittadinanza","issue-zitac","location-deutschland","location-osterreich","location-sudtirolo","language-deutsch","language-italiano","medium-rai","person-flor","person-matteo-renzi","person-riccardo-dello-sbarba","topic-grundrechte","topic-medien","topic-politik","topic-recht","topic-selbstbestimmung","topic-vorzeigeautonomie","topic-zentralismus"],"jetpack_featured_media_url":"","jetpack_sharing_enabled":true,"_links":{"self":[{"href":"https:\/\/www.brennerbasisdemokratie.eu\/index.php?rest_route=\/wp\/v2\/posts\/24945","targetHints":{"allow":["GET"]}}],"collection":[{"href":"https:\/\/www.brennerbasisdemokratie.eu\/index.php?rest_route=\/wp\/v2\/posts"}],"about":[{"href":"https:\/\/www.brennerbasisdemokratie.eu\/index.php?rest_route=\/wp\/v2\/types\/post"}],"author":[{"embeddable":true,"href":"https:\/\/www.brennerbasisdemokratie.eu\/index.php?rest_route=\/wp\/v2\/users\/1"}],"replies":[{"embeddable":true,"href":"https:\/\/www.brennerbasisdemokratie.eu\/index.php?rest_route=%2Fwp%2Fv2%2Fcomments&post=24945"}],"version-history":[{"count":31,"href":"https:\/\/www.brennerbasisdemokratie.eu\/index.php?rest_route=\/wp\/v2\/posts\/24945\/revisions"}],"predecessor-version":[{"id":97922,"href":"https:\/\/www.brennerbasisdemokratie.eu\/index.php?rest_route=\/wp\/v2\/posts\/24945\/revisions\/97922"}],"wp:attachment":[{"href":"https:\/\/www.brennerbasisdemokratie.eu\/index.php?rest_route=%2Fwp%2Fv2%2Fmedia&parent=24945"}],"wp:term":[{"taxonomy":"category","embeddable":true,"href":"https:\/\/www.brennerbasisdemokratie.eu\/index.php?rest_route=%2Fwp%2Fv2%2Fcategories&post=24945"},{"taxonomy":"post_tag","embeddable":true,"href":"https:\/\/www.brennerbasisdemokratie.eu\/index.php?rest_route=%2Fwp%2Fv2%2Ftags&post=24945"}],"curies":[{"name":"wp","href":"https:\/\/api.w.org\/{rel}","templated":true}]}}