{"id":25019,"date":"2015-08-27T16:05:36","date_gmt":"2015-08-27T14:05:36","guid":{"rendered":"http:\/\/www.brennerbasisdemokratie.eu\/?p=25019"},"modified":"2020-05-14T15:15:01","modified_gmt":"2020-05-14T13:15:01","slug":"theres-a-letter-for-you","status":"publish","type":"post","link":"https:\/\/www.brennerbasisdemokratie.eu\/?p=25019","title":{"rendered":"There&#8217;s a letter for you\u2026"},"content":{"rendered":"<p>Einige \u00dcberlegungen zum Ebner&#8217;schen Brief an die Mitglieder der <abbr title=\"S\u00fcdtiroler Volkspartei\">SVP<\/abbr>-Parteileitung:<\/p>\n<ol>\n<li>Es ist grunds\u00e4tzlich legitim, dass sich ein Unternehmen, das von einer geplanten Ma\u00dfnahme erf\u00e4hrt, die einseitig zu dessen Schaden (und wom\u00f6glich zum Zwecke der politischen \u00bbBestrafung\u00ab) eingeleitet werden soll, mit allen \u2014 legalen \u2014 Mitteln zur Wehr setzt.<\/li>\n<li>Ob ein pers\u00f6nlicher Brief an die Mitglieder der Parteileitung der geeignete Weg hierf\u00fcr ist, darf zumindest bezweifelt werden. Eine \u00f6ffentliche Stellungnahme h\u00e4tte einen weniger bedrohlichen Beigeschmack gehabt.<\/li>\n<li>Die Frage nach der Koh\u00e4renz muss gestattet sein. Wenn stimmt, dass sich die <em>Athesia<\/em> vehement f\u00fcr die Streichung analoger F\u00f6rderungen zugunsten konkurrierender Medienunternehmen <em>(Neue S\u00fcdtiroler Tageszeitung)<\/em> eingesetzt hat und dass den <em>Dolomiten<\/em> ferner das Instrument der politisch-medialen \u00bbBestrafung\u00ab nicht ganz fremd ist, muss der Brief auch in diesem Lichte beurteilt werden.<\/li>\n<li>Der Vorfall macht einmal mehr den enormen Interessenskonflikt offensichtlich, in dem das Medienhaus steckt. Wenn Handelskammerpr\u00e4sident Michl Ebner im Namen seines Unternehmens droht, die gesamte SVP f\u00fcr die allf\u00e4llige Streichung der staatlichen Subventionen verantwortlich zu machen, entbehrt dies nicht einer gewissen Komik \u2014 schlie\u00dflich f\u00e4llt die Verantwortung damit teilweise auf ihn selbst als (ehemals f\u00fchrendes) SVP-Mitglied zur\u00fcck.<\/li>\n<li>Der Verweis auf den Minderheitenschutz und vor allem auf die Pressefreiheit ist m\u00fc\u00dfig. Beide verfassungsm\u00e4\u00dfig abgesicherten Grundprinzipien setzen nicht notwendigerweise die finanzielle F\u00f6rderung privater Unternehmen voraus.<\/li>\n<li>Nicht zuletzt stellt sich die Frage, wie frei die Berichterstattung des S\u00fcdtiroler Leitmediums in Bezug auf politische Optionen ist, die die \u00dcberwindung der Autonomie umfassen (Eigenstaatlichkeit), wenn die wirtschaftliche \u00dcberlebensf\u00e4higkeit von <em>Athesia<\/em> so stark an F\u00f6rdergelder gekoppelt ist, die vom Verbleib beim Staat Italien abh\u00e4ngen.<\/li>\n<\/ol>","protected":false},"excerpt":{"rendered":"<p>Einige \u00dcberlegungen zum Ebner&#8217;schen Brief an die Mitglieder der SVP-Parteileitung: Es ist grunds\u00e4tzlich legitim, dass sich ein Unternehmen, das von einer geplanten Ma\u00dfnahme erf\u00e4hrt, die einseitig zu dessen Schaden (und wom\u00f6glich zum Zwecke der politischen \u00bbBestrafung\u00ab) eingeleitet werden soll, mit allen \u2014 legalen \u2014 Mitteln zur Wehr setzt. Ob ein pers\u00f6nlicher Brief an die Mitglieder [&hellip;]<\/p>","protected":false},"author":1,"featured_media":0,"comment_status":"open","ping_status":"open","sticky":false,"template":"","format":"standard","meta":{"_crdt_document":"","ngg_post_thumbnail":0,"_jetpack_memberships_contains_paid_content":false,"footnotes":""},"categories":[1],"tags":[],"class_list":["post-25019","post","type-post","status-publish","format-standard","hentry","category-allgemein","entity-svp","location-sudtirolo","language-deutsch","medium-athesia","medium-dolo","medium-taz","person-karl-zeller","topic-medien","topic-politik","topic-recht","topic-selbstbestimmung","topic-wirtschaft"],"jetpack_featured_media_url":"","jetpack_sharing_enabled":true,"_links":{"self":[{"href":"https:\/\/www.brennerbasisdemokratie.eu\/index.php?rest_route=\/wp\/v2\/posts\/25019","targetHints":{"allow":["GET"]}}],"collection":[{"href":"https:\/\/www.brennerbasisdemokratie.eu\/index.php?rest_route=\/wp\/v2\/posts"}],"about":[{"href":"https:\/\/www.brennerbasisdemokratie.eu\/index.php?rest_route=\/wp\/v2\/types\/post"}],"author":[{"embeddable":true,"href":"https:\/\/www.brennerbasisdemokratie.eu\/index.php?rest_route=\/wp\/v2\/users\/1"}],"replies":[{"embeddable":true,"href":"https:\/\/www.brennerbasisdemokratie.eu\/index.php?rest_route=%2Fwp%2Fv2%2Fcomments&post=25019"}],"version-history":[{"count":10,"href":"https:\/\/www.brennerbasisdemokratie.eu\/index.php?rest_route=\/wp\/v2\/posts\/25019\/revisions"}],"predecessor-version":[{"id":57316,"href":"https:\/\/www.brennerbasisdemokratie.eu\/index.php?rest_route=\/wp\/v2\/posts\/25019\/revisions\/57316"}],"wp:attachment":[{"href":"https:\/\/www.brennerbasisdemokratie.eu\/index.php?rest_route=%2Fwp%2Fv2%2Fmedia&parent=25019"}],"wp:term":[{"taxonomy":"category","embeddable":true,"href":"https:\/\/www.brennerbasisdemokratie.eu\/index.php?rest_route=%2Fwp%2Fv2%2Fcategories&post=25019"},{"taxonomy":"post_tag","embeddable":true,"href":"https:\/\/www.brennerbasisdemokratie.eu\/index.php?rest_route=%2Fwp%2Fv2%2Ftags&post=25019"}],"curies":[{"name":"wp","href":"https:\/\/api.w.org\/{rel}","templated":true}]}}