{"id":25232,"date":"2015-09-10T13:57:10","date_gmt":"2015-09-10T11:57:10","guid":{"rendered":"http:\/\/www.brennerbasisdemokratie.eu\/?p=25232"},"modified":"2021-01-09T21:46:07","modified_gmt":"2021-01-09T20:46:07","slug":"eu-parlamentarier-gegen-kriegsdrohung","status":"publish","type":"post","link":"https:\/\/www.brennerbasisdemokratie.eu\/?p=25232","title":{"rendered":"EU-Parlamentarier gegen Kriegsdrohung."},"content":{"rendered":"<p>Vor wenigen Tagen hatte der spanische Verteidigungsminister, Pedro Moren\u00e9s, den Katalaninnen nur sehr indirekt mit Waffengewalt gedroht, falls das Land demn\u00e4chst die Unabh\u00e4ngigkeit erkl\u00e4rt. In einem Interview mit <em>Radio Nacional de Espa\u00f1a<\/em> (RNE) sagte er zwar, eine milit\u00e4rische Intervention in der abtr\u00fcnnigen Region sei entbehrlich, kn\u00fcpfte diese Feststellung jedoch an die Bedingung, dass \u00bballe ihren Verpflichtungen nachkommen.\u00ab<\/p>\n<p>Diese Aussage rief nicht nur in Katalonien, sondern in ganz Spanien gro\u00dfe Emp\u00f6rung aus. Der Widerstand gegen eine wie auch immer geartete Gewaltandrohung angesichts eines absolut friedlichen und demokratischen Prozesses erreichte nun auch das Europaparlament, wo 31 Abgeordnete von f\u00fcnf verschiedenen Fraktionen und aus 14 Mitgliedsstaaten einen gemeinsamen Protestbrief an den Verteidigungsminister unterzeichneten. Darunter \u2014 erstaunlich \u2014 auch Herbert Dorfmann von der <abbr title=\"S\u00fcdtiroler Volkspartei\">SVP<\/abbr>. Die Abgeordneten bringen darin ihren Unmut \u00fcber die \u00c4u\u00dferungen des Ministers zum Ausdruck, fordern ihn dazu auf, seine Aussage zur\u00fcckzuziehen und w\u00fcnschen sich, dass weder mit Milit\u00e4r- noch mit Polizeigewalt gegen eine friedliche Bewegung vorgegangen wird. Abschlie\u00dfend wird die Annahme des demokratischen Willens der Katalaninnen und Katalanen als \u00bbdie beste und europ\u00e4ischste Antwort\u00ab auf die Selbstbestimmungsbestrebungen bezeichnet.<\/p>\n<p>Der Wortlaut:<\/p>\n<blockquote><p>Dear Mr. Moren\u00e9s, Spanish Minister of Defense,<\/p>\n<p>We have seen with great preoccupation your statement regarding the intervention of the army in Catalonia. We know that in the first place you refused that this should be a possibility, but we see as deeply worrying the fact that you conditioned the non-intervention to the fact &#8220;that everyone complies with its duty&#8221; in a not-very-subtle reference to Catalan politicians.<\/p>\n<p>We are conscious of the importance of the Catalan election for the future of Spain, but at the same time we believe that democratic challenges should be always answered with more democracy and never with the thinly veiled threat of violence.<\/p>\n<p>This is why we call you to rectify your statement to make clear to all Europeans that the Spanish government will not make resort to the army or the police to attack a political movement that so far has proved to be civic, peaceful and democratic at all times.<\/p>\n<p>We would also like to hear from you and your government that whatever the result on the election of the Catalan election on 27th September you\u2019ll respect and will not oppose the democratic will of the Catalan people. That would be the best and most European response.<\/p>\n<p>Marina Albiol MEP GUE<br \/>\nPetras Austrevicius MEP ALDE<br \/>\nCatherine Bearder MEP ALDE<br \/>\nIzaskun Bilbao MEP ALDE<br \/>\nMark Demesmaeker MEP ECR<br \/>\n<strong>Herbert Dorfmann MEP EPP<\/strong><br \/>\nIan Duncan MEP ECR<br \/>\nFrancesc Gamb\u00fas MEP EPP<br \/>\nSven Giegold MEP Greens\/<abbr title=\"Europ\u00e4ische Freie Allianz\">EFA<\/abbr><br \/>\nIvan Jakovcic MEP ALDE<br \/>\nJosu Juaristi MEP GUE<br \/>\nSyed Kamall MEP ECR<br \/>\nPhilippe Lamberts MEP Greens\/EFA<br \/>\nPaloma L\u00f3pez MEP GUE<br \/>\nErnest Maragall MEP Greens\/EFA<br \/>\nAnt\u00f3nio Marinho e Pinto MEP ALDE<br \/>\nMorten Messerschmidt MEP ECR<br \/>\nUlrike Muller MEP ALDE<br \/>\nMorten Helveg Petersen MEP ALDE<br \/>\nTomasz Poreba MEP ECR<br \/>\nJordi Sebasti\u00e0\u00a0 MEP Greens\/EFA<br \/>\nAlyn Smith MEP Greens\/EFA<br \/>\nBart Staes MEP Greens\/EFA<br \/>\nJosep-Maria Terricabras MEP Greens\/EFA<br \/>\nNils Torvalds MEP ALDE<br \/>\nRamon Tremosa i Balcells MEP ALDE<br \/>\nErnest Urtasun MEP Greens\/EFA<br \/>\nIvo Vajgl MEP ALDE<br \/>\nBodil Valero MEP Greens\/EFA<br \/>\nHans Van Baalen MEP ALDE<br \/>\nCora Van Nieuwenhuizen MEP ALDE<\/p><\/blockquote>\n<p><small><em>Hervorhebung von mir.<\/em><\/small><\/p>\n<p>Drei katalanische EU-Abgeordnete haben in dieser Sache au\u00dferdem eine Anfrage an die Kommission gerichtet, damit sie ihre Position zu solchen Drohungen darlege.<\/p>","protected":false},"excerpt":{"rendered":"<p>Vor wenigen Tagen hatte der spanische Verteidigungsminister, Pedro Moren\u00e9s, den Katalaninnen nur sehr indirekt mit Waffengewalt gedroht, falls das Land demn\u00e4chst die Unabh\u00e4ngigkeit erkl\u00e4rt. In einem Interview mit Radio Nacional de Espa\u00f1a (RNE) sagte er zwar, eine milit\u00e4rische Intervention in der abtr\u00fcnnigen Region sei entbehrlich, kn\u00fcpfte diese Feststellung jedoch an die Bedingung, dass \u00bballe ihren [&hellip;]<\/p>","protected":false},"author":1,"featured_media":0,"comment_status":"open","ping_status":"open","sticky":false,"template":"","format":"standard","meta":{"_crdt_document":"","ngg_post_thumbnail":0,"_jetpack_memberships_contains_paid_content":false,"footnotes":""},"categories":[1],"tags":[],"class_list":["post-25232","post","type-post","status-publish","format-standard","hentry","category-allgemein","entity-efa","entity-eu-parlament","entity-evp","entity-svp","entity-verc","issue-zitac","location-catalunya","language-deutsch","language-english","person-herbert-dorfmann","topic-democrazia","topic-medien","topic-militar","topic-politik","topic-polizei","topic-recht","topic-selbstbestimmung"],"jetpack_featured_media_url":"","jetpack_sharing_enabled":true,"_links":{"self":[{"href":"https:\/\/www.brennerbasisdemokratie.eu\/index.php?rest_route=\/wp\/v2\/posts\/25232","targetHints":{"allow":["GET"]}}],"collection":[{"href":"https:\/\/www.brennerbasisdemokratie.eu\/index.php?rest_route=\/wp\/v2\/posts"}],"about":[{"href":"https:\/\/www.brennerbasisdemokratie.eu\/index.php?rest_route=\/wp\/v2\/types\/post"}],"author":[{"embeddable":true,"href":"https:\/\/www.brennerbasisdemokratie.eu\/index.php?rest_route=\/wp\/v2\/users\/1"}],"replies":[{"embeddable":true,"href":"https:\/\/www.brennerbasisdemokratie.eu\/index.php?rest_route=%2Fwp%2Fv2%2Fcomments&post=25232"}],"version-history":[{"count":11,"href":"https:\/\/www.brennerbasisdemokratie.eu\/index.php?rest_route=\/wp\/v2\/posts\/25232\/revisions"}],"predecessor-version":[{"id":62969,"href":"https:\/\/www.brennerbasisdemokratie.eu\/index.php?rest_route=\/wp\/v2\/posts\/25232\/revisions\/62969"}],"wp:attachment":[{"href":"https:\/\/www.brennerbasisdemokratie.eu\/index.php?rest_route=%2Fwp%2Fv2%2Fmedia&parent=25232"}],"wp:term":[{"taxonomy":"category","embeddable":true,"href":"https:\/\/www.brennerbasisdemokratie.eu\/index.php?rest_route=%2Fwp%2Fv2%2Fcategories&post=25232"},{"taxonomy":"post_tag","embeddable":true,"href":"https:\/\/www.brennerbasisdemokratie.eu\/index.php?rest_route=%2Fwp%2Fv2%2Ftags&post=25232"}],"curies":[{"name":"wp","href":"https:\/\/api.w.org\/{rel}","templated":true}]}}