{"id":25426,"date":"2015-10-01T10:19:52","date_gmt":"2015-10-01T08:19:52","guid":{"rendered":"http:\/\/www.brennerbasisdemokratie.eu\/?p=25426"},"modified":"2026-01-18T12:26:39","modified_gmt":"2026-01-18T11:26:39","slug":"zweisprachigkeit-im-amt-deutlich-verschlechtert","status":"publish","type":"post","link":"https:\/\/www.brennerbasisdemokratie.eu\/?p=25426","title":{"rendered":"Zweisprachigkeit im Amt deutlich verschlechtert."},"content":{"rendered":"<p>Alle zehn Jahre ver\u00f6ffentlicht das Landesstatistikinstitut (ASTAT) ein sogenanntes Sprachbarometer, das \u2014 wie der Name schon verr\u00e4t \u2014 die wichtigsten Daten zur Sprachsituation in S\u00fcdtirol beinhaltet. Nun ist es endlich wieder so weit.<\/p>\n<p>Da es sich beim soeben ver\u00f6ffentlichten Bericht (erst) um den zweiten dieser Art handelt, sind jetzt erstmals Vergleiche m\u00f6glich. Eine Gesamtanalyse ma\u00dfe ich mir noch nicht an, doch habe ich mir vorerst einen wichtigen Teilaspekt herausgefischt \u2014 und der hat es in sich.<\/p>\n<p>Schon 2004 wurde klar, dass die deutsche Sprache als Amtssprache, obschon rechtlich der italienischen gleichgestellt, einen sehr schweren Stand hat. In einem mehrheitlich deutschsprachigen Land wie S\u00fcdtirol war die Schwierigkeit, die deutsche Sprache im Umgang mit \u00f6ffentlichen \u00c4mtern zu benutzen, eher mit der Lage der (rechtlich nicht umfassend gleichgestellten) ladinischen Sprache zu vergleichen als mit der Lage des Italienischen.<\/p>\n<p>Diese Tatsache hat sich im Laufe der letzten zehn Jahre nicht etwa verbessert, sondern noch einmal bedeutend verschlechtert. W\u00e4hrend n\u00e4mlich die \u2014 unbefriedigende \u2014 Situation des Ladinischen mehr oder minder unver\u00e4ndert blieb, verschlechterte sich die Erfahrung der deutschen Sprachgruppe in \u00f6ffentlichen \u00c4mtern noch einmal deutlich, sodass der Anteil an Negativerfahrungen zwischen den beiden Minderheitensprachen nur noch rund f\u00fcnf Prozentpunkte auseinanderliegt (59,6% und 64,4%).<\/p>\n<blockquote><p><img loading=\"lazy\" decoding=\"async\" class=\"size-full wp-image-76800 aligncenter\" src=\"https:\/\/www.brennerbasisdemokratie.eu\/wp-content\/uploads\/2015\/10\/amtssprachen_sprachbarometer.png\" alt=\"\" width=\"950\" height=\"533\" srcset=\"https:\/\/www.brennerbasisdemokratie.eu\/wp-content\/uploads\/2015\/10\/amtssprachen_sprachbarometer.png 950w, https:\/\/www.brennerbasisdemokratie.eu\/wp-content\/uploads\/2015\/10\/amtssprachen_sprachbarometer-768x431.png 768w\" sizes=\"auto, (max-width: 950px) 100vw, 950px\" \/><\/p><\/blockquote>\n<p>Bemerkenswert ist zudem, dass auch die Mitglieder der italienischen Sprachgruppe insgesamt eine Verschlechterung beklagen und nunmehr zu rund 14 Prozent angeben, (im Jahr vor der Erhebung) \u00bboft\u00ab oder \u00bbmanchmal\u00ab eine Verweigerung ihres Rechts auf Muttersprache erlebt zu haben. Wie schon 2004 war die Situation des Italienischen als Amtssprache jedoch \u00bbum Welten\u00ab besser, als die der beiden anderen Landessprachen.<\/p>\n<p><strong>Der Anteil an B\u00fcrgerinnen der deutschen Sprachgruppe, denen im Jahr vor der Erhebung <em>nie<\/em> ihr Recht auf Muttersprache verweigert wurde, sackte zwischen 2004 und 2014 um \u00fcber 40 Prozent ein und liegt nunmehr bei lediglich 25,4 Prozent.<\/strong><\/p>\n<p>Erstaunlich ist, dass die Verweigerung der deutschen Amtssprache auch in der Landesverwaltung und im (ebenfalls vom Land S\u00fcdtirol abh\u00e4ngigen) Gesundheitswesen um ein Vielfaches gr\u00f6\u00dfer ist als die Verweigerung der italienischen Amtssprache.<\/p>\n<p>Die deutsche Sprache wird von den <em>Carabinieri<\/em> (36,1%) am h\u00e4ufigsten verweigert, dicht gefolgt von den Sanit\u00e4tseinheiten und Krankenh\u00e4usern (31,9%). F\u00fcr Italiener- (8,8%) und Ladinerinnen (56,3%) stellt das Gesundheitswesen gar den Bereich dar, wo ihnen das Recht auf Muttersprache am h\u00e4ufigsten verweigert wurde \u2014 wodurch dies auch sprachgruppen\u00fcbergreifend der Sektor ist, der (dicht gefolgt von den <em>Carabinieri)<\/em> die meisten Probleme schafft.<\/p>\n<p><strong><span style=\"font-family: Helvetica, Arial, sans-serif; text-transform: uppercase;\">C\u00ebla enghe:<\/span><\/strong> <a title=\"Sprache: Daten als Grundlage f\u00fcr Politik.\" href=\"http:\/\/www.brennerbasisdemokratie.eu\/?p=23110\"><code>01<\/code><\/a> <a title=\"Sprachpolitik: Eine Bankrotterkl\u00e4rung.\" href=\"http:\/\/www.brennerbasisdemokratie.eu\/?p=23449\"><code>02<\/code><\/a> <a title=\"Suprematistische Zweisprachigkeit.\" href=\"http:\/\/www.brennerbasisdemokratie.eu\/?p=24695\"><code>03<\/code><\/a> <a title=\"S\u00fcdtiroler Sprachlandschaft.\" href=\"http:\/\/www.brennerbasisdemokratie.eu\/?p=7611\"><code>04<\/code><\/a> <a title=\"Zweitsprachentwicklung: Keine Daten.\" href=\"http:\/\/www.brennerbasisdemokratie.eu\/?p=14288\"><code>05<\/code><\/a> <a title=\"Die SVP und die Fassadensprache.\" href=\"http:\/\/www.brennerbasisdemokratie.eu\/?p=13892\"><code>06<\/code><\/a> <a title=\"Agentur der Unversch\u00e4mtheiten.\" href=\"http:\/\/www.brennerbasisdemokratie.eu\/?p=24780\"><code>07<\/code><\/a> <span style=\"font-family: Helvetica, Arial, sans-serif; font-weight: normal;\">||<\/span> <a title=\"\u00d6ffentliche Dienste verweigern deutsche Sprache.\" href=\"https:\/\/www.brennerbasisdemokratie.eu\/?p=83630\"><span style=\"color: #ff8c00\"><code>01<\/code><\/span><\/a> <a title=\"AfLB \u2013 Il 100% delle denunce riguarda il tedesco.\" href=\"https:\/\/www.brennerbasisdemokratie.eu\/?p=85018\"><span style=\"color: #ff8c00\"><code>02<\/code><\/span><\/a> <a title=\"Christian Bianchi nega la minorizzazione.\" href=\"https:\/\/www.brennerbasisdemokratie.eu\/?p=96481\"><span style=\"color: #ff8c00\"><code>03<\/code><\/span><\/a> <a title=\"Recht auf Gebrauch der Muttersprache: keine Daten.\" href=\"https:\/\/www.brennerbasisdemokratie.eu\/?p=97115\"><span style=\"color:#ff8c00; text-decoration:underline; text-decoration-color:#ff8c00; text-decoration-thickness:3px;\"><code>04<\/code><\/span><\/a> <a title=\"Sprachrechte: LH leugnet Verschlechterung.\" href=\"https:\/\/www.brennerbasisdemokratie.eu\/?p=97432\"><span style=\"color: #ff8c00\"><code>05<\/code><\/span><\/a><\/p>","protected":false},"excerpt":{"rendered":"<p>Alle zehn Jahre ver\u00f6ffentlicht das Landesstatistikinstitut (ASTAT) ein sogenanntes Sprachbarometer, das \u2014 wie der Name schon verr\u00e4t \u2014 die wichtigsten Daten zur Sprachsituation in S\u00fcdtirol beinhaltet. Nun ist es endlich wieder so weit. Da es sich beim soeben ver\u00f6ffentlichten Bericht (erst) um den zweiten dieser Art handelt, sind jetzt erstmals Vergleiche m\u00f6glich. Eine Gesamtanalyse ma\u00dfe [&hellip;]<\/p>","protected":false},"author":1,"featured_media":0,"comment_status":"open","ping_status":"open","sticky":false,"template":"","format":"standard","meta":{"_crdt_document":"","ngg_post_thumbnail":0,"_jetpack_memberships_contains_paid_content":false,"footnotes":""},"categories":[1],"tags":[],"class_list":["post-25426","post","type-post","status-publish","format-standard","hentry","category-allgemein","entity-astat","entity-land-sudtirol","entity-sabes","issue-sprachbarometer","location-ladinia","location-sudtirolo","language-deutsch","topic-discriminaziun","topic-gesundheit","topic-minderheitenschutz","topic-plurilinguism","topic-polizei","topic-recht","topic-servicepublic","topic-statistik"],"jetpack_featured_media_url":"","jetpack_sharing_enabled":true,"_links":{"self":[{"href":"https:\/\/www.brennerbasisdemokratie.eu\/index.php?rest_route=\/wp\/v2\/posts\/25426","targetHints":{"allow":["GET"]}}],"collection":[{"href":"https:\/\/www.brennerbasisdemokratie.eu\/index.php?rest_route=\/wp\/v2\/posts"}],"about":[{"href":"https:\/\/www.brennerbasisdemokratie.eu\/index.php?rest_route=\/wp\/v2\/types\/post"}],"author":[{"embeddable":true,"href":"https:\/\/www.brennerbasisdemokratie.eu\/index.php?rest_route=\/wp\/v2\/users\/1"}],"replies":[{"embeddable":true,"href":"https:\/\/www.brennerbasisdemokratie.eu\/index.php?rest_route=%2Fwp%2Fv2%2Fcomments&post=25426"}],"version-history":[{"count":24,"href":"https:\/\/www.brennerbasisdemokratie.eu\/index.php?rest_route=\/wp\/v2\/posts\/25426\/revisions"}],"predecessor-version":[{"id":97439,"href":"https:\/\/www.brennerbasisdemokratie.eu\/index.php?rest_route=\/wp\/v2\/posts\/25426\/revisions\/97439"}],"wp:attachment":[{"href":"https:\/\/www.brennerbasisdemokratie.eu\/index.php?rest_route=%2Fwp%2Fv2%2Fmedia&parent=25426"}],"wp:term":[{"taxonomy":"category","embeddable":true,"href":"https:\/\/www.brennerbasisdemokratie.eu\/index.php?rest_route=%2Fwp%2Fv2%2Fcategories&post=25426"},{"taxonomy":"post_tag","embeddable":true,"href":"https:\/\/www.brennerbasisdemokratie.eu\/index.php?rest_route=%2Fwp%2Fv2%2Ftags&post=25426"}],"curies":[{"name":"wp","href":"https:\/\/api.w.org\/{rel}","templated":true}]}}