{"id":2553,"date":"2009-07-03T15:07:36","date_gmt":"2009-07-03T13:07:36","guid":{"rendered":"http:\/\/www.brennerbasisdemokratie.eu\/?p=2553"},"modified":"2021-04-18T20:18:34","modified_gmt":"2021-04-18T18:18:34","slug":"bazar-der-unterwurfigkeit","status":"publish","type":"post","link":"https:\/\/www.brennerbasisdemokratie.eu\/?p=2553","title":{"rendered":"Bazar der Unterw\u00fcrfigkeit."},"content":{"rendered":"<p>Am heutigen Nachmittag wird Innenminister Maroni in Bozen eintreffen, um uns einen \u00bbRunden Tisch des Zusammenlebens\u00ab vorzusetzen. Mit in der ersten Reihe Elena Artioli, Koryph\u00e4e des Zusammenlebens, besonders wenn es um S\u00fcdtiroler muslimischen Glaubens geht. Unfassbar: Ein Innenminister der Intoleranz, der einer autonomiefeindlichen Regierung angeh\u00f6rt (wie nicht nur die Demokraten festgestellt haben) will uns das Miteinander beibringen.<\/p>\n<p>Der Publikumserfolg Maronis w\u00e4re nicht nur die Bankrotterkl\u00e4rung unseres \u00bbModells\u00ab, sondern auch ein unw\u00fcrdiges Schaust\u00fcck r\u00f6mischen Zentralismus. Doch anstatt sich dagegen zu verwehren, \u00fcberbieten sich Parteien und Organisationen in Anbiederung und Unterw\u00fcrfigkeit. Provinzieller geht es kaum.<\/p>\n<p><em>Brennerbasisdemokratie<\/em> begr\u00fc\u00dft daher die Entscheidung der linken Parteien, dem Treffen fernzubleiben. Die <em>Gr\u00fcnen<\/em> haben vorgeschlagen, den Tisch wennschon von einer unabh\u00e4ngigen S\u00fcdtiroler Pers\u00f6nlichkeit leiten zu lassen. Alles andere w\u00e4re tats\u00e4chlich ein Zeichen der Unm\u00fcndigkeit. Doch es ist auch ein Markenzeichen dieser Autonomie, dass stets gewartet wird, bis die Probleme von au\u00dfen \u00bbgel\u00f6st\u00ab (oder mithilfe fauler Kompromisse \u00fcbert\u00fcncht) werden.<\/p>","protected":false},"excerpt":{"rendered":"<p>Am heutigen Nachmittag wird Innenminister Maroni in Bozen eintreffen, um uns einen \u00bbRunden Tisch des Zusammenlebens\u00ab vorzusetzen. Mit in der ersten Reihe Elena Artioli, Koryph\u00e4e des Zusammenlebens, besonders wenn es um S\u00fcdtiroler muslimischen Glaubens geht. Unfassbar: Ein Innenminister der Intoleranz, der einer autonomiefeindlichen Regierung angeh\u00f6rt (wie nicht nur die Demokraten festgestellt haben) will uns das [&hellip;]<\/p>","protected":false},"author":1,"featured_media":0,"comment_status":"open","ping_status":"open","sticky":false,"template":"","format":"standard","meta":{"_crdt_document":"","ngg_post_thumbnail":0,"_jetpack_memberships_contains_paid_content":false,"footnotes":""},"categories":[1],"tags":[],"class_list":["post-2553","post","type-post","status-publish","format-standard","hentry","category-allgemein","entity-lega","entity-verc","location-sudtirolo","language-deutsch","person-roberto-maroni","topic-politik","topic-zentralismus"],"jetpack_featured_media_url":"","jetpack_sharing_enabled":true,"_links":{"self":[{"href":"https:\/\/www.brennerbasisdemokratie.eu\/index.php?rest_route=\/wp\/v2\/posts\/2553","targetHints":{"allow":["GET"]}}],"collection":[{"href":"https:\/\/www.brennerbasisdemokratie.eu\/index.php?rest_route=\/wp\/v2\/posts"}],"about":[{"href":"https:\/\/www.brennerbasisdemokratie.eu\/index.php?rest_route=\/wp\/v2\/types\/post"}],"author":[{"embeddable":true,"href":"https:\/\/www.brennerbasisdemokratie.eu\/index.php?rest_route=\/wp\/v2\/users\/1"}],"replies":[{"embeddable":true,"href":"https:\/\/www.brennerbasisdemokratie.eu\/index.php?rest_route=%2Fwp%2Fv2%2Fcomments&post=2553"}],"version-history":[{"count":14,"href":"https:\/\/www.brennerbasisdemokratie.eu\/index.php?rest_route=\/wp\/v2\/posts\/2553\/revisions"}],"predecessor-version":[{"id":64617,"href":"https:\/\/www.brennerbasisdemokratie.eu\/index.php?rest_route=\/wp\/v2\/posts\/2553\/revisions\/64617"}],"wp:attachment":[{"href":"https:\/\/www.brennerbasisdemokratie.eu\/index.php?rest_route=%2Fwp%2Fv2%2Fmedia&parent=2553"}],"wp:term":[{"taxonomy":"category","embeddable":true,"href":"https:\/\/www.brennerbasisdemokratie.eu\/index.php?rest_route=%2Fwp%2Fv2%2Fcategories&post=2553"},{"taxonomy":"post_tag","embeddable":true,"href":"https:\/\/www.brennerbasisdemokratie.eu\/index.php?rest_route=%2Fwp%2Fv2%2Ftags&post=2553"}],"curies":[{"name":"wp","href":"https:\/\/api.w.org\/{rel}","templated":true}]}}