{"id":256,"date":"2006-11-14T15:50:27","date_gmt":"2006-11-14T14:50:27","guid":{"rendered":"http:\/\/www.selbstbestimmung.net\/?p=256"},"modified":"2020-10-26T19:07:54","modified_gmt":"2020-10-26T18:07:54","slug":"flaggeeu","status":"publish","type":"post","link":"https:\/\/www.brennerbasisdemokratie.eu\/?p=256","title":{"rendered":"Leserbrief: Flagge+EU."},"content":{"rendered":"<p>Ein Leser hat mir heute folgende Nachricht gemailt:<\/p>\n<blockquote><p>Werte Mitglieder der Brennerbasisdemokratie,<br \/>\nseit beginn der Webpr\u00e4senz von brennerbasisdemokratie.eu st\u00f6bere ich von Zeit zu Zeit in Eurer Seite oder besser gesagt im Projekt der Brennerbasisdemokratie.<\/p>\n<p>Zugegebener Weise verfolge ich Eure T\u00e4tigkeit nur halbherzig, da ich mich zur gr\u00fcnen Politik zu der sich Euer Projekt indirekt anlehnt nicht besonders hingezogen f\u00fchle. Was nicht heisst, dass ich den Gedanken nicht sehr reizend finde, dass sich auch linksorientierte S\u00fcdtiroler f\u00fcr die Selbstbestimmung einsetzen.<br \/>\nViel mehr gef\u00e4llt mir seit Jahren der Gedanken eines eigenst\u00e4ndigen Staates S\u00fcdtirol. Die Einzigartige Lage S\u00fcdtirols verlangt nach Selbstbestimmung, da wir uns Grunds\u00e4tzlich von anderen Regionen unterscheiden. Gesetze und Bestimmungen die z.B. f\u00fcr den Rest von Italien oder auch der EU teilweise von nutzen sind haben in S-Tirol leider oft den gegenteiligen Effekt. Aus \u00d6konomischer, \u00d6kologischer wie auch Kultureller Sicht w\u00e4re S\u00fcdtirol als eigenst\u00e4ndigen Staat zu etablieren die Einzige nachhaltige L\u00f6sung die auch allen Volksgruppen gerecht wird.<br \/>\nAus meiner Sicht m\u00fcssten wir uns nicht nur von Rom sondern auch von Br\u00fcssel trennen. \u00dcber kurz oder Lang wird die Fremdbestimmung von Br\u00fcssel auch keine positiven Auswirkungen auf S\u00fcdtirol haben (Ich denke z.B. an den Tranist, die Wasserrechte&#8230;&#8230;)<\/p>\n<p>Im Manifest habe ich nichts zu Euer Haltung zur EU gefunden, wie steht selbstestimmung.net zur EU und deren (m\u00f6glicherweise) negativen Auswirkungen f\u00fcr S\u00fcdtirol?<\/p>\n<p>Bei Eurer Fahne der \u201cBewegung\u201d m\u00f6chte ich zur Konstruktiven Kritik anregen. Die S\u00fcdtiroler wie auch Tiroler Landesfahne ist nicht rot-wei\u00df wie in Eurer Seite angegeben, sondern wei\u00df-rot. Die Reihenfolge wird des \u00f6fteren f\u00e4lschlicherweise bei Fahne ohne den Adler falsch abgebildet.<br \/>\nNat\u00fcrlich \u00e4ndert sich dadurch nicht der sinngem\u00e4\u00dfe Grundgedanken der Flagge, der Richtigkeit entspricht sie in dieser Form aber nicht&#8230;<\/p>\n<p>Mich w\u00fcrde auch interessieren wie viele Personen hinter dem Projekt stehen und ob auch weitere Aktivit\u00e4ten geplant sind.<\/p>\n<p>Ich hoffe konstruktive Anregungen gegeben zu haben.<\/p>\n<p>MfG.<\/p>\n<p>[&#8230;]<\/p><\/blockquote>\n<p>Da ich nicht im Namen anderer antworten m\u00f6chte, habe ich ihn um die Erlaubnis gebeten, seine \u00c4u\u00dferungen hier in Form eines Eintrags der Diskussion zu stellen, wozu er sich bereit erkl\u00e4rt hat. Was die EU-Bindung betrifft, so habe ich auf den einschl\u00e4gigen Punkt des Manifests hingewiesen:<\/p>\n<blockquote><p>Die Plattform bekennt sich zur Europ\u00e4ischen Union als Rahmen ihres politischen Handelns<\/p><\/blockquote>\n<p>Im Zuge der Artikeldebatte (s. unten) wird auch dieser Satz einer Diskussion ausgesetzt, in deren Verlauf dann die Einw\u00e4nde des Lesers besser ber\u00fccksichtigt werden k\u00f6nnen.<\/p>","protected":false},"excerpt":{"rendered":"<p>Ein Leser hat mir heute folgende Nachricht gemailt: Werte Mitglieder der Brennerbasisdemokratie, seit beginn der Webpr\u00e4senz von brennerbasisdemokratie.eu st\u00f6bere ich von Zeit zu Zeit in Eurer Seite oder besser gesagt im Projekt der Brennerbasisdemokratie. Zugegebener Weise verfolge ich Eure T\u00e4tigkeit nur halbherzig, da ich mich zur gr\u00fcnen Politik zu der sich Euer Projekt indirekt anlehnt [&hellip;]<\/p>","protected":false},"author":1,"featured_media":0,"comment_status":"open","ping_status":"open","sticky":false,"template":"","format":"standard","meta":{"_crdt_document":"","ngg_post_thumbnail":0,"_jetpack_memberships_contains_paid_content":false,"footnotes":""},"categories":[1],"tags":[],"class_list":["post-256","post","type-post","status-publish","format-standard","hentry","category-allgemein","entity-eu","location-sudtirolo","language-deutsch","topic-kunstcultura","topic-ecologia","topic-selbstbestimmung","topic-symbolik","topic-wirtschaft"],"jetpack_featured_media_url":"","jetpack_sharing_enabled":true,"_links":{"self":[{"href":"https:\/\/www.brennerbasisdemokratie.eu\/index.php?rest_route=\/wp\/v2\/posts\/256","targetHints":{"allow":["GET"]}}],"collection":[{"href":"https:\/\/www.brennerbasisdemokratie.eu\/index.php?rest_route=\/wp\/v2\/posts"}],"about":[{"href":"https:\/\/www.brennerbasisdemokratie.eu\/index.php?rest_route=\/wp\/v2\/types\/post"}],"author":[{"embeddable":true,"href":"https:\/\/www.brennerbasisdemokratie.eu\/index.php?rest_route=\/wp\/v2\/users\/1"}],"replies":[{"embeddable":true,"href":"https:\/\/www.brennerbasisdemokratie.eu\/index.php?rest_route=%2Fwp%2Fv2%2Fcomments&post=256"}],"version-history":[{"count":5,"href":"https:\/\/www.brennerbasisdemokratie.eu\/index.php?rest_route=\/wp\/v2\/posts\/256\/revisions"}],"predecessor-version":[{"id":61441,"href":"https:\/\/www.brennerbasisdemokratie.eu\/index.php?rest_route=\/wp\/v2\/posts\/256\/revisions\/61441"}],"wp:attachment":[{"href":"https:\/\/www.brennerbasisdemokratie.eu\/index.php?rest_route=%2Fwp%2Fv2%2Fmedia&parent=256"}],"wp:term":[{"taxonomy":"category","embeddable":true,"href":"https:\/\/www.brennerbasisdemokratie.eu\/index.php?rest_route=%2Fwp%2Fv2%2Fcategories&post=256"},{"taxonomy":"post_tag","embeddable":true,"href":"https:\/\/www.brennerbasisdemokratie.eu\/index.php?rest_route=%2Fwp%2Fv2%2Ftags&post=256"}],"curies":[{"name":"wp","href":"https:\/\/api.w.org\/{rel}","templated":true}]}}