{"id":25640,"date":"2015-10-20T18:39:11","date_gmt":"2015-10-20T16:39:11","guid":{"rendered":"http:\/\/www.brennerbasisdemokratie.eu\/?p=25640"},"modified":"2025-01-05T09:49:40","modified_gmt":"2025-01-05T08:49:40","slug":"centanni-di-menzogne","status":"publish","type":"post","link":"https:\/\/www.brennerbasisdemokratie.eu\/?p=25640","title":{"rendered":"Cent&#8217;anni di menzogne."},"content":{"rendered":"<!-- Snippets by WebberZone Snippetz --><div class=\"ata_snippets\"><hr style=\"height: 20px; border: none; margin-top: 0em; background-color: darkred;\"\/><\/div><p><em>di Fabio Rigali<\/em><\/p>\n<p>Il testo che segue \u00e8 tratto da un opuscolo, allegato a <em>Il notiziario del FAI, 136<\/em> (settembre, ottobre, novembre 2015):<\/p>\n<blockquote><p><strong>100 ANNI DI RICORDI,<\/strong><\/p>\n<p><strong>150 ETTARI DI NATURA<\/strong><\/p>\n<p><strong>La Grande Guerra, la suggestiva bellezza delle Alpi:<\/strong><\/p>\n<p><strong>Monte Fontana Secca e Col de Spadar\u00f2t, il nuovo Bene del FAI.<\/strong><\/p>\n<p>[\u2026] Su questi monti si combatt\u00e9 la Grande Guerra, un&#8217;occasione di scontro, ma anche di incontro. Fu infatti la prima guerra veramente italiana, combattuta da <strong>giovani soldati<\/strong> veneti, siciliani, liguri, campani, lombardi, calabresi che, nelle fredde e anguste trincee, hanno imparato a dialogare in una lingua comune, hanno compreso il concetto di patria, si sono sentiti per la prima volta italiani e hanno sacrificato la loro giovinezza per il nostro futuro.<\/p><\/blockquote>\n<p>Se ormai possiamo dirci abituati alla visione romantica della guerra, come elemento di fraternizzazione (che poi fu solamente un effetto collaterale pi\u00f9 che un elemento strutturale della guerra); se possiamo dirci abituati al mito della Grande Guerra come fondatrice dell&#8217;identit\u00e0 nazionale italiana; se anche possiamo dirci abituati, per quieto vivere, agli sproloqui nazionalisti sul binomio Guerra-patria, quello che proprio non riusciamo a comprendere \u00e8 in che modo i soldati si siano sacrificati per il nostro futuro, visto che dalla Grande Guerra, in fondo, non ci ha guadagnato nessuno in Europa.<\/p>\n<p>Pi\u00f9 che i vuoti discorsi sulla patria, che lasciano il tempo che trovano, \u00e8 rischioso il genere di revisionismo che attribuisce un&#8217;utilit\u00e0 a questo genere di guerra, che fu, da parte italiana, sostanzialmente di aggressione. Il vero insulto alla memoria dei caduti \u00e8 dire che ne sia valsa la pena! La diffusione di un po&#8217; di italiano standard nelle trincee e l&#8217;annessione controvoglia di alcuni territori scarsamente popolati \u00e8 valsa oltre un milione di morti tra civili e militari? Evidentemente solo chi d\u00e0 un prezzo molto basso alla vita di queste persone pu\u00f2 rispondere affermativamente.<\/p>\n<!-- Snippets by WebberZone Snippetz --><div class=\"ata_snippets\"><hr style=\"height: 10px;border: none;margin-top: 0px;background-color: darkred\" \/>\r\n\r\n<div style=\"background-color: none;padding: 0px;font-size: 14px;font-family: Helvetica,Arial;margin: 10px 0px 0px 0px\"><span style=\"color: darkred\"><strong><small>Autor:innen- und Gastbeitr\u00e4ge widerspiegeln nicht notwendigerweise die Meinung oder die Position von BBD, so wie die jeweiligen Verfasser:innen nicht notwendigerweise die Ziele von BBD unterst\u00fctzen.<\/small><\/strong><small>\u00b7 I contributi esterni non necessariamente riflettono le opinioni o la posizione di BBD, come a loro volta le autrici\/gli autori non necessariamente condividono gli obiettivi di BBD. \u2014 <a href=\"http:\/\/www.brennerbasisdemokratie.eu\/?page_id=11356#copyleft\"><strong>\u00a9<\/strong><\/a><\/small><\/span><\/div><\/div>","protected":false},"excerpt":{"rendered":"<p>di Fabio Rigali Il testo che segue \u00e8 tratto da un opuscolo, allegato a Il notiziario del FAI, 136 (settembre, ottobre, novembre 2015): 100 ANNI DI RICORDI, 150 ETTARI DI NATURA La Grande Guerra, la suggestiva bellezza delle Alpi: Monte Fontana Secca e Col de Spadar\u00f2t, il nuovo Bene del FAI. [\u2026] Su questi monti [&hellip;]<\/p>","protected":false},"author":10,"featured_media":0,"comment_status":"open","ping_status":"open","sticky":false,"template":"","format":"standard","meta":{"_crdt_document":"","ngg_post_thumbnail":0,"_jetpack_memberships_contains_paid_content":false,"footnotes":""},"categories":[14,1],"tags":[],"class_list":["post-25640","post","type-post","status-publish","format-standard","hentry","category-autorinnen","category-allgemein","language-italiano","person-fabio-rigali","topic-geschichte","topic-medien","topic-militar","topic-nationalismus"],"jetpack_featured_media_url":"","jetpack_sharing_enabled":true,"_links":{"self":[{"href":"https:\/\/www.brennerbasisdemokratie.eu\/index.php?rest_route=\/wp\/v2\/posts\/25640","targetHints":{"allow":["GET"]}}],"collection":[{"href":"https:\/\/www.brennerbasisdemokratie.eu\/index.php?rest_route=\/wp\/v2\/posts"}],"about":[{"href":"https:\/\/www.brennerbasisdemokratie.eu\/index.php?rest_route=\/wp\/v2\/types\/post"}],"author":[{"embeddable":true,"href":"https:\/\/www.brennerbasisdemokratie.eu\/index.php?rest_route=\/wp\/v2\/users\/10"}],"replies":[{"embeddable":true,"href":"https:\/\/www.brennerbasisdemokratie.eu\/index.php?rest_route=%2Fwp%2Fv2%2Fcomments&post=25640"}],"version-history":[{"count":2,"href":"https:\/\/www.brennerbasisdemokratie.eu\/index.php?rest_route=\/wp\/v2\/posts\/25640\/revisions"}],"predecessor-version":[{"id":40972,"href":"https:\/\/www.brennerbasisdemokratie.eu\/index.php?rest_route=\/wp\/v2\/posts\/25640\/revisions\/40972"}],"wp:attachment":[{"href":"https:\/\/www.brennerbasisdemokratie.eu\/index.php?rest_route=%2Fwp%2Fv2%2Fmedia&parent=25640"}],"wp:term":[{"taxonomy":"category","embeddable":true,"href":"https:\/\/www.brennerbasisdemokratie.eu\/index.php?rest_route=%2Fwp%2Fv2%2Fcategories&post=25640"},{"taxonomy":"post_tag","embeddable":true,"href":"https:\/\/www.brennerbasisdemokratie.eu\/index.php?rest_route=%2Fwp%2Fv2%2Ftags&post=25640"}],"curies":[{"name":"wp","href":"https:\/\/api.w.org\/{rel}","templated":true}]}}