{"id":25778,"date":"2015-10-28T12:36:09","date_gmt":"2015-10-28T11:36:09","guid":{"rendered":"http:\/\/www.brennerbasisdemokratie.eu\/?p=25778"},"modified":"2018-04-04T17:57:54","modified_gmt":"2018-04-04T15:57:54","slug":"spitaeler-stille-mahnwachen","status":"publish","type":"post","link":"https:\/\/www.brennerbasisdemokratie.eu\/?p=25778","title":{"rendered":"Spit\u00e4ler: Stille Mahnwachen."},"content":{"rendered":"<p>Die friedlichen Kundgebungen zur Rettung der Bezirkskrankenh\u00e4user von Sterzing, Schlanders und Innichen werden fortgesetzt. Die drei Initiativgruppen rufen zur zahlreichen Teilnahme an stillen Mahnwachen auf, die <strong>heute Abend ab 20.00 Uhr<\/strong> in den Standortgemeinden der von den Schlie\u00dfungen betroffenen Spit\u00e4ler zeitgleich stattfinden.<\/p>\n<p>Der Kammerabgeordnete Florian Kronbichler (Gr\u00fcne\/SEL) warnt in einer Stellungnahme treffend:<\/p>\n<blockquote><p>Schlie\u00dfen die Spit\u00e4ler, sterben die T\u00e4ler.<\/p><\/blockquote>\n<p>Die OrganisatorInnen laden dazu ein, Laternen, Kerzen und Fackeln mitzubringen. Es werden auch TeilnehmerInnen von au\u00dferhalb der unmittelbar betroffenen Bezirke erwartet.<\/p>\n<p><strong><span style=\"font-family: Helvetica, Arial, sans-serif; text-transform: uppercase;\">C\u00ebla enghe:<\/span><\/strong> <a title=\"Gesundheitsreform und Kleinkrankenh\u00e4user.\" href=\"http:\/\/www.brennerbasisdemokratie.eu\/?p=6504\"><code>01<\/code><\/a> <a title=\"Trentiner Landtag gegen die Schlie\u00dfung von Geburtsstationen.\" href=\"http:\/\/www.brennerbasisdemokratie.eu\/?p=24641\"><code>02<\/code><\/a> <a title=\"Infrastrukturpolitik f\u00fcr alpine Regionen.\" href=\"http:\/\/www.brennerbasisdemokratie.eu\/?p=23718\"><code>03<\/code><\/a><\/p>","protected":false},"excerpt":{"rendered":"<p>Die friedlichen Kundgebungen zur Rettung der Bezirkskrankenh\u00e4user von Sterzing, Schlanders und Innichen werden fortgesetzt. Die drei Initiativgruppen rufen zur zahlreichen Teilnahme an stillen Mahnwachen auf, die heute Abend ab 20.00 Uhr in den Standortgemeinden der von den Schlie\u00dfungen betroffenen Spit\u00e4ler zeitgleich stattfinden. Der Kammerabgeordnete Florian Kronbichler (Gr\u00fcne\/SEL) warnt in einer Stellungnahme treffend: Schlie\u00dfen die Spit\u00e4ler, [&hellip;]<\/p>","protected":false},"author":1,"featured_media":0,"comment_status":"open","ping_status":"open","sticky":false,"template":"","format":"standard","meta":{"_crdt_document":"","ngg_post_thumbnail":0,"_jetpack_memberships_contains_paid_content":false,"footnotes":""},"categories":[],"tags":[],"class_list":["post-25778","post","type-post","status-publish","format-standard","hentry","entity-verc","person-flor","topic-engagement","topic-gesundheit","topic-mitbestimmung","topic-politik","topic-servicepublic","topic-termin"],"jetpack_featured_media_url":"","jetpack_sharing_enabled":true,"_links":{"self":[{"href":"https:\/\/www.brennerbasisdemokratie.eu\/index.php?rest_route=\/wp\/v2\/posts\/25778","targetHints":{"allow":["GET"]}}],"collection":[{"href":"https:\/\/www.brennerbasisdemokratie.eu\/index.php?rest_route=\/wp\/v2\/posts"}],"about":[{"href":"https:\/\/www.brennerbasisdemokratie.eu\/index.php?rest_route=\/wp\/v2\/types\/post"}],"author":[{"embeddable":true,"href":"https:\/\/www.brennerbasisdemokratie.eu\/index.php?rest_route=\/wp\/v2\/users\/1"}],"replies":[{"embeddable":true,"href":"https:\/\/www.brennerbasisdemokratie.eu\/index.php?rest_route=%2Fwp%2Fv2%2Fcomments&post=25778"}],"version-history":[{"count":12,"href":"https:\/\/www.brennerbasisdemokratie.eu\/index.php?rest_route=\/wp\/v2\/posts\/25778\/revisions"}],"predecessor-version":[{"id":40255,"href":"https:\/\/www.brennerbasisdemokratie.eu\/index.php?rest_route=\/wp\/v2\/posts\/25778\/revisions\/40255"}],"wp:attachment":[{"href":"https:\/\/www.brennerbasisdemokratie.eu\/index.php?rest_route=%2Fwp%2Fv2%2Fmedia&parent=25778"}],"wp:term":[{"taxonomy":"category","embeddable":true,"href":"https:\/\/www.brennerbasisdemokratie.eu\/index.php?rest_route=%2Fwp%2Fv2%2Fcategories&post=25778"},{"taxonomy":"post_tag","embeddable":true,"href":"https:\/\/www.brennerbasisdemokratie.eu\/index.php?rest_route=%2Fwp%2Fv2%2Ftags&post=25778"}],"curies":[{"name":"wp","href":"https:\/\/api.w.org\/{rel}","templated":true}]}}