{"id":25863,"date":"2015-10-31T12:13:33","date_gmt":"2015-10-31T11:13:33","guid":{"rendered":"http:\/\/www.brennerbasisdemokratie.eu\/?p=25863"},"modified":"2026-02-03T11:30:54","modified_gmt":"2026-02-03T10:30:54","slug":"die-fragile-autonomie","status":"publish","type":"post","link":"https:\/\/www.brennerbasisdemokratie.eu\/?p=25863","title":{"rendered":"Die fragile Autonomie."},"content":{"rendered":"<blockquote><p>Es brauche keinen Minderheitenschutz mehr. Man solle die Gleichsetzung aller Regionen anpeilen.[&#8230;] Die Zeit, in der man das \u00dcberleben kleiner Volksgruppen durch Regionalautonomien sichern k\u00f6nnte, sei vorbei meint Palermo. Sein Rezept: Im Gesamtstaat die Menschen- und B\u00fcrgerrechte so auszubauen, dass kein Minderheitenschutz n\u00f6tig ist.<\/p><\/blockquote>\n<p><em>Aus dem \u2018Vorausgeschickt\u2019 von Arnold Sorg, Dolomiten, 31.10.2015<\/em><\/p>\n<p>Starker Tobak, den hier laut Arnold Sorg nicht ein Rechtsau\u00dfenpolitiker auftischt, sondern Francesco Palermo, der unter anderem f\u00fcr die Autonomiepartei SVP im r\u00f6mischen Senat sitzt.<br \/>\nLaut obigen Aussagen g\u00e4be es dann keine kollektiven Schutzrechte f\u00fcr autochthone Minderheiten. Alles w\u00fcrde auf die individuelle Ebene der B\u00fcrgerrechte herabgebrochen. Und \u00fcber allem steht die sch\u00fctzende Hand der Verfassungspatrioten, die den S\u00fcdtirolerInnen dann s\u00fcffikant erkl\u00e4ren k\u00f6nnen, dass es verfassungsrechtlich gar keine S\u00fcdtirolerInnen gibt, sondern nur eine, unteilbare italienische Nation, die aufgrund ihrer Verfassung halt auch das Recht einiger ladinisch- und deutschsprechenden ItalienerInnen auf Gebrauch der Muttersprache sch\u00fctzt.<\/p>\n<p>Beinahe im Tagesrhythmus kommt es mittlerweile zu Frontalangriffen auf S\u00fcdtirols Autonomie. Neben der Diskussion \u00fcber die Auswirkungen einer zentralistischen Verfassungsreform auf S\u00fcdtirol, gab es in der vergangenen Woche wiederrum einen Vorsto\u00df f\u00fcr eine italienische Makroregion Triveneto, die nat\u00fcrlich auch S\u00fcdtirol umfassen w\u00fcrde. Danach kommt es dann meist zu einem Dementi oder einer Relativierung der Aussagen. Nein, nat\u00fcrlich habe man nicht im Sinn die Sonderautonomien abzuschaffen. Es braucht ja nicht viel, die S\u00fcdtirolerInnen zu beruhigen. Eine halbherzige Relativierung oder einige anerkennende Worte vonseiten des Staatsoberhauptes oder sonst einer Pers\u00f6nlichkeit, die den Wert der Minderheiten und der Sonderautonomien so im Abstrakten betont.<br \/>\nEine wirkliche Weiterentwicklung der Autonomie ist in diesem Klima sowieso nicht m\u00f6glich und die andauernde, notwendige Verteidigungsrolle gegen\u00fcber zentralistischen Versuchungen verschlingt Ressourcen, die wir dringend f\u00fcr die Zukunft unseres Landes verwenden k\u00f6nnten.<\/p>\n<p>Angesichts dieser Rhetorik und Dynamik ist es unverst\u00e4ndlich, dass die SVP nicht l\u00e4ngst den Weg Richtung Eigenstaatlichkeit einschl\u00e4gt.<\/p>\n<p><strong>Nachtrag vom 3. November:<\/strong> Dieser Artikel bezieht sich, wie ausdr\u00fccklich erw\u00e4hnt, auf einen Beitrag von Arnold Sorg in den <em>Dolomiten<\/em> (der wiederum auf einen Bericht von Heinz Gstrein Bezug nimmt). Die Richtigkeit der Ausf\u00fchrungen des Tagblatts <em>Dolomiten<\/em> wird vom Betroffenen, Senator Francesco Palermo, vehement bestritten. Ein Protokoll (Transkript) oder eine Aufnahme der Wortmeldung gibt es bislang nicht.<\/p>\n<p>Das derzeit vorliegende vierseitige Manuskript kann nicht als Beweis dienen, da Sen. Palermo weder alles gesagt haben muss, was in dem Abstract steht, noch ausgeschlossen ist, dass er Dinge gesagt hat, die nicht darin stehen.<\/p>\n<p>Sollte jedoch die Quelle, die unserer Stellungnahme zugrunde liegt, falsch gelegen haben, muss selbstverst\u00e4ndlich auch unsere darauf basierende Stellungnahme revidiert werden.<\/p>","protected":false},"excerpt":{"rendered":"<p>Es brauche keinen Minderheitenschutz mehr. Man solle die Gleichsetzung aller Regionen anpeilen.[&#8230;] Die Zeit, in der man das \u00dcberleben kleiner Volksgruppen durch Regionalautonomien sichern k\u00f6nnte, sei vorbei meint Palermo. Sein Rezept: Im Gesamtstaat die Menschen- und B\u00fcrgerrechte so auszubauen, dass kein Minderheitenschutz n\u00f6tig ist. Aus dem \u2018Vorausgeschickt\u2019 von Arnold Sorg, Dolomiten, 31.10.2015 Starker Tobak, den [&hellip;]<\/p>","protected":false},"author":9,"featured_media":0,"comment_status":"open","ping_status":"open","sticky":false,"template":"","format":"standard","meta":{"_crdt_document":"","ngg_post_thumbnail":0,"_jetpack_memberships_contains_paid_content":false,"footnotes":""},"categories":[1],"tags":[],"class_list":["post-25863","post","type-post","status-publish","format-standard","hentry","category-allgemein","entity-svp","language-deutsch","medium-dolo","person-francesco-palermo","topic-grundrechte","topic-medien","topic-minderheitenschutz","topic-vorzeigeautonomie","topic-zentralismus"],"jetpack_featured_media_url":"","jetpack_sharing_enabled":true,"_links":{"self":[{"href":"https:\/\/www.brennerbasisdemokratie.eu\/index.php?rest_route=\/wp\/v2\/posts\/25863","targetHints":{"allow":["GET"]}}],"collection":[{"href":"https:\/\/www.brennerbasisdemokratie.eu\/index.php?rest_route=\/wp\/v2\/posts"}],"about":[{"href":"https:\/\/www.brennerbasisdemokratie.eu\/index.php?rest_route=\/wp\/v2\/types\/post"}],"author":[{"embeddable":true,"href":"https:\/\/www.brennerbasisdemokratie.eu\/index.php?rest_route=\/wp\/v2\/users\/9"}],"replies":[{"embeddable":true,"href":"https:\/\/www.brennerbasisdemokratie.eu\/index.php?rest_route=%2Fwp%2Fv2%2Fcomments&post=25863"}],"version-history":[{"count":10,"href":"https:\/\/www.brennerbasisdemokratie.eu\/index.php?rest_route=\/wp\/v2\/posts\/25863\/revisions"}],"predecessor-version":[{"id":40136,"href":"https:\/\/www.brennerbasisdemokratie.eu\/index.php?rest_route=\/wp\/v2\/posts\/25863\/revisions\/40136"}],"wp:attachment":[{"href":"https:\/\/www.brennerbasisdemokratie.eu\/index.php?rest_route=%2Fwp%2Fv2%2Fmedia&parent=25863"}],"wp:term":[{"taxonomy":"category","embeddable":true,"href":"https:\/\/www.brennerbasisdemokratie.eu\/index.php?rest_route=%2Fwp%2Fv2%2Fcategories&post=25863"},{"taxonomy":"post_tag","embeddable":true,"href":"https:\/\/www.brennerbasisdemokratie.eu\/index.php?rest_route=%2Fwp%2Fv2%2Ftags&post=25863"}],"curies":[{"name":"wp","href":"https:\/\/api.w.org\/{rel}","templated":true}]}}