{"id":25961,"date":"2015-11-16T20:13:51","date_gmt":"2015-11-16T19:13:51","guid":{"rendered":"http:\/\/www.brennerbasisdemokratie.eu\/?p=25961"},"modified":"2023-01-03T20:47:29","modified_gmt":"2023-01-03T19:47:29","slug":"27s-selbsteinschaetzung-und-wahlverhalten","status":"publish","type":"post","link":"https:\/\/www.brennerbasisdemokratie.eu\/?p=25961","title":{"rendered":"27S: Selbsteinsch\u00e4tzung und Wahlverhalten."},"content":{"rendered":"<p>Nach den Neuwahlen zum katalanischen Parlament vom 27. September 2015 (27S) hat nun das <em>Centre d&#8217;Estudis d&#8217;Opini\u00f3<\/em>\u00a0(CEO) der <em>Generalitat de Catalunya<\/em> eine detaillierte Wahlanalyse ver\u00f6ffentlicht. Nachdem der Urnengang zum Plebiszit \u00fcber die Unabh\u00e4ngigkeit des Landes von Spanien erhoben wurde, ergeben sich daraus unter anderem interessante Einblicke in jene W\u00e4hlerschaft, die sich f\u00fcr eine der beiden Parteien entschieden haben, welche sich explizit zugunsten der Eigenstaatlichkeit positioniert haben.<\/p>\n<p>Aus Diagrammen, die der katalanische Politologe Sergi Casta\u00f1\u00e9 <a title=\"Twitter: Sergi Casta\u00f1\u00e9.\" href=\"https:\/\/twitter.com\/SergiCastanye\" target=\"_blank\" rel=\"noopener noreferrer\">in seinem <em>Twitter<\/em>-Profil<\/a> auf Grundlage der CEO-Daten ver\u00f6ffentlicht hat, habe ich die Daten gefiltert, die sich auf die Unabh\u00e4ngigkeitsplattform aus CDC, ERC und zivilgesellschaftlichen Akteuren, <em><strong>Junts pel S\u00ed\u00ad<\/strong><\/em> (JxS), sowie auf die radikal linke <em><strong>Candidatura d&#8217;Unitat Popular<\/strong><\/em> (CUP) beziehen und folgende Grafik zusammengestellt:<\/p>\n<blockquote><p><img loading=\"lazy\" decoding=\"async\" class=\"alignnone size-full wp-image-25962\" src=\"http:\/\/www.brennerbasisdemokratie.eu\/wp-content\/uploads\/2015\/11\/wahlanalyse27S.jpg\" alt=\"Wahlanalyse 27S Katalonien.\" width=\"600\" height=\"550\" \/><\/p><\/blockquote>\n<p>F\u00fcr die Studie des CEO wurden Katalaninnen und Katalanen gebeten, sich unterschiedlichen politischen Kategorien zuzuordnen und ihr Wahlverhalten am 27S anzugeben. Hinsichtlich der W\u00e4hlerinnen und W\u00e4hler, die JxS und der CUP ihre W\u00e4hlerstimme gegeben und somit die Unabh\u00e4ngigkeit Kataloniens unterst\u00fctzt haben, ergibt sich ein vielf\u00e4ltiges, zum Teil \u00fcberraschendes Bild:<\/p>\n<ul>\n<li>Nur 27% jener, die sich als sozialistisch bezeichnen, haben eine der beiden Unabh\u00e4ngigkeitsparteien gew\u00e4hlt;<\/li>\n<li>Knapp die H\u00e4lfte der Personen, die sich als liberal einordnen, haben sich am 27S f\u00fcr JxS oder die CUP entschieden;<\/li>\n<li>Auch von denjenigen, die sich als konservativ einsch\u00e4tzen, hat sich keine Mehrheit (44%) f\u00fcr sezessionistische Parteien ausgesprochen;<\/li>\n<li>Absolut alle, die sich anarchistisch bezeichnen, haben die CUP und somit pro Eigenstaatlichkeit gew\u00e4hlt;<\/li>\n<li>Weiters fand die Unabh\u00e4ngigkeit unter Nationalisten (Erl\u00e4uterung unter dem Diagramm beachten!), \u00bbUnpolitischen\u00ab, Progressistinnen, \u00f6kologisch Gesinnten, Feministinnen und Kommunistinnen jeweils eine deutliche Mehrheit, nicht aber unter den Sozial- und Christdemokratinnen.<\/li>\n<\/ul>\n<p><strong><span style=\"font-family: Helvetica, Arial, sans-serif; text-transform: uppercase;\">C\u00ebla enghe:<\/span><\/strong> <a title=\"Katalonien f\u00fcr Abspaltung.\" href=\"http:\/\/www.brennerbasisdemokratie.eu\/?p=25381\"><code>01<\/code><\/a>\u00a0<span style=\"font-family: Helvetica, Arial, sans-serif; font-weight: normal;\">||<\/span> <a title=\"27S: Bildungsgrad und Wahlverhalten.\" href=\"http:\/\/www.brennerbasisdemokratie.eu\/?p=26048\"><span style=\"color: #ff8c00\"><code>01<\/code><\/span><\/a> <a title=\"Doppelpassbef\u00fcrworter: jung, hochgebildet und zweisprachig.\" href=\"http:\/\/www.brennerbasisdemokratie.eu\/?p=51918\"><span style=\"color: #ff8c00\"><code>02<\/code><\/span><\/a><\/p>","protected":false},"excerpt":{"rendered":"<p>Nach den Neuwahlen zum katalanischen Parlament vom 27. September 2015 (27S) hat nun das Centre d&#8217;Estudis d&#8217;Opini\u00f3\u00a0(CEO) der Generalitat de Catalunya eine detaillierte Wahlanalyse ver\u00f6ffentlicht. Nachdem der Urnengang zum Plebiszit \u00fcber die Unabh\u00e4ngigkeit des Landes von Spanien erhoben wurde, ergeben sich daraus unter anderem interessante Einblicke in jene W\u00e4hlerschaft, die sich f\u00fcr eine der beiden [&hellip;]<\/p>","protected":false},"author":1,"featured_media":0,"comment_status":"open","ping_status":"open","sticky":false,"template":"","format":"standard","meta":{"_crdt_document":"","ngg_post_thumbnail":0,"_jetpack_memberships_contains_paid_content":false,"footnotes":""},"categories":[1],"tags":[],"class_list":["post-25961","post","type-post","status-publish","format-standard","hentry","category-allgemein","entity-cup","entity-erc","entity-gencat","entity-jxs","entity-podem-os","issue-wahlen","location-catalunya","language-deutsch","medium-socialmedia","topic-anarchie","topic-democrazia","topic-ecologia","topic-feminae","topic-politik","topic-selbstbestimmung","topic-statistik"],"jetpack_featured_media_url":"","jetpack_sharing_enabled":true,"_links":{"self":[{"href":"https:\/\/www.brennerbasisdemokratie.eu\/index.php?rest_route=\/wp\/v2\/posts\/25961","targetHints":{"allow":["GET"]}}],"collection":[{"href":"https:\/\/www.brennerbasisdemokratie.eu\/index.php?rest_route=\/wp\/v2\/posts"}],"about":[{"href":"https:\/\/www.brennerbasisdemokratie.eu\/index.php?rest_route=\/wp\/v2\/types\/post"}],"author":[{"embeddable":true,"href":"https:\/\/www.brennerbasisdemokratie.eu\/index.php?rest_route=\/wp\/v2\/users\/1"}],"replies":[{"embeddable":true,"href":"https:\/\/www.brennerbasisdemokratie.eu\/index.php?rest_route=%2Fwp%2Fv2%2Fcomments&post=25961"}],"version-history":[{"count":9,"href":"https:\/\/www.brennerbasisdemokratie.eu\/index.php?rest_route=\/wp\/v2\/posts\/25961\/revisions"}],"predecessor-version":[{"id":75673,"href":"https:\/\/www.brennerbasisdemokratie.eu\/index.php?rest_route=\/wp\/v2\/posts\/25961\/revisions\/75673"}],"wp:attachment":[{"href":"https:\/\/www.brennerbasisdemokratie.eu\/index.php?rest_route=%2Fwp%2Fv2%2Fmedia&parent=25961"}],"wp:term":[{"taxonomy":"category","embeddable":true,"href":"https:\/\/www.brennerbasisdemokratie.eu\/index.php?rest_route=%2Fwp%2Fv2%2Fcategories&post=25961"},{"taxonomy":"post_tag","embeddable":true,"href":"https:\/\/www.brennerbasisdemokratie.eu\/index.php?rest_route=%2Fwp%2Fv2%2Ftags&post=25961"}],"curies":[{"name":"wp","href":"https:\/\/api.w.org\/{rel}","templated":true}]}}