{"id":261,"date":"2006-11-23T08:49:55","date_gmt":"2006-11-23T07:49:55","guid":{"rendered":"http:\/\/www.selbstbestimmung.net\/?p=261"},"modified":"2019-09-26T12:13:18","modified_gmt":"2019-09-26T10:13:18","slug":"karnten-verblodet","status":"publish","type":"post","link":"https:\/\/www.brennerbasisdemokratie.eu\/?p=261","title":{"rendered":"K\u00e4rnten verbl\u00f6det."},"content":{"rendered":"<p align=\"center\"><img decoding=\"async\" id=\"image260\" src=\"http:\/\/www.brennerbasisdemokratie.eu\/wp-content\/uploads\/prev\/celovec.gif\" alt=\"H-Celovec.\" \/><\/p>\n<p>Landesf\u00fchrer J\u00f6rg hat gestern mit der Umsetzung seiner Wahldrohung begonnen: \u00bbK\u00e4rnten wird einsprachig\u00ab. Die ersten zweisprachigen Ortstafeln wurden bereits abmontiert und durch einsprachige ersetzt.<\/p>\n<p>Diese Reichskristallnacht der Slowenen nimmt <img class=\"bbdlogo\" src=\"https:\/\/www.brennerbasisdemokratie.eu\/wp-content\/uploads\/bbdsmileys\/bbde.png\"> zum Anlass, ihre <em>Aktion Celovec<\/em> zu starten. Schreibt dem braunen J\u00f6rg (<a href=\"mailto:joerg.haider@ktn.gv.at\">joerg.haider@ktn.gv.at<\/a>) eure Meinung! Dazu stellen wir folgenden Mustertext zur Verf\u00fcgung:<\/p>\n<blockquote><p>Herr Landeshauptmann,<\/p>\n<p>mit gr\u00f6\u00dfter Emp\u00f6rung habe ich als S\u00fcdtirolerIn die Nachricht vernommen, dass Sie begonnen haben, in Ihrem Land zweisprachige Ortstafeln zu entfernen. Damit f\u00fchren Sie nicht nur den Minderheitenschutz, die Verfassung und die Demokratie als Ganzes ad absurdum (der VfGH hat ein klares Urteil gef\u00e4llt!), sondern setzen in bester rechtsextremer Manier aus kurzfristigem und zweifelhaftem politischen Kalk\u00fcl auch noch das friedliche Zusammenleben der Volksgruppen aufs Spiel \u2013 ein Spiel mit dem Feuer. Mehrsprachigkeit ist keine Gefahr, sondern ein au\u00dferordentlicher Reichtum und im heutigen Europa geradezu unersetzlich. Als S\u00fcdtirolerIn bin ich \u00fcber diese Entwicklung in meinem Vaterland besonders entsetzt und besorgt: Ich fordere Sie hiermit auf, diesem Treiben ein Ende zu setzen und dem Urteil des VfGH endlich Folge zu leisten. Schutzrechte gelten nicht nur f\u00fcr deutschsprachige Minderheiten.<\/p>\n<p>Hochachtungsvoll<\/p>\n<p>Vorname, Name, Datum, Ort<\/p><\/blockquote>\n<p>Falls jemand einen eigenen Text vorzieht, bitte ich, diesen hier als Kommentar ebenfalls zu ver\u00f6ffentlichen, damit ihn sich andere zueigen machen k\u00f6nnen.<\/p>","protected":false},"excerpt":{"rendered":"<p>Landesf\u00fchrer J\u00f6rg hat gestern mit der Umsetzung seiner Wahldrohung begonnen: \u00bbK\u00e4rnten wird einsprachig\u00ab. Die ersten zweisprachigen Ortstafeln wurden bereits abmontiert und durch einsprachige ersetzt. Diese Reichskristallnacht der Slowenen nimmt zum Anlass, ihre Aktion Celovec zu starten. Schreibt dem braunen J\u00f6rg (joerg.haider@ktn.gv.at) eure Meinung! Dazu stellen wir folgenden Mustertext zur Verf\u00fcgung: Herr Landeshauptmann, mit gr\u00f6\u00dfter Emp\u00f6rung [&hellip;]<\/p>","protected":false},"author":1,"featured_media":0,"comment_status":"open","ping_status":"open","sticky":false,"template":"","format":"standard","meta":{"_crdt_document":"","ngg_post_thumbnail":0,"_jetpack_memberships_contains_paid_content":false,"footnotes":""},"categories":[1],"tags":[],"class_list":["post-261","post","type-post","status-publish","format-standard","hentry","category-allgemein","entity-freiheitliche","entity-verfassungsgericht","issue-zitac","location-koroska","language-deutsch","topic-discriminaziun","topic-engagement","topic-faschismen","topic-minderheitenschutz","topic-ortsnamen","topic-plurilinguism"],"jetpack_featured_media_url":"","jetpack_sharing_enabled":true,"_links":{"self":[{"href":"https:\/\/www.brennerbasisdemokratie.eu\/index.php?rest_route=\/wp\/v2\/posts\/261","targetHints":{"allow":["GET"]}}],"collection":[{"href":"https:\/\/www.brennerbasisdemokratie.eu\/index.php?rest_route=\/wp\/v2\/posts"}],"about":[{"href":"https:\/\/www.brennerbasisdemokratie.eu\/index.php?rest_route=\/wp\/v2\/types\/post"}],"author":[{"embeddable":true,"href":"https:\/\/www.brennerbasisdemokratie.eu\/index.php?rest_route=\/wp\/v2\/users\/1"}],"replies":[{"embeddable":true,"href":"https:\/\/www.brennerbasisdemokratie.eu\/index.php?rest_route=%2Fwp%2Fv2%2Fcomments&post=261"}],"version-history":[{"count":7,"href":"https:\/\/www.brennerbasisdemokratie.eu\/index.php?rest_route=\/wp\/v2\/posts\/261\/revisions"}],"predecessor-version":[{"id":51200,"href":"https:\/\/www.brennerbasisdemokratie.eu\/index.php?rest_route=\/wp\/v2\/posts\/261\/revisions\/51200"}],"wp:attachment":[{"href":"https:\/\/www.brennerbasisdemokratie.eu\/index.php?rest_route=%2Fwp%2Fv2%2Fmedia&parent=261"}],"wp:term":[{"taxonomy":"category","embeddable":true,"href":"https:\/\/www.brennerbasisdemokratie.eu\/index.php?rest_route=%2Fwp%2Fv2%2Fcategories&post=261"},{"taxonomy":"post_tag","embeddable":true,"href":"https:\/\/www.brennerbasisdemokratie.eu\/index.php?rest_route=%2Fwp%2Fv2%2Ftags&post=261"}],"curies":[{"name":"wp","href":"https:\/\/api.w.org\/{rel}","templated":true}]}}