{"id":26150,"date":"2015-12-02T17:20:28","date_gmt":"2015-12-02T16:20:28","guid":{"rendered":"http:\/\/www.brennerbasisdemokratie.eu\/?p=26150"},"modified":"2022-11-20T09:18:58","modified_gmt":"2022-11-20T08:18:58","slug":"toponomastica-minoritaria-in-trentino","status":"publish","type":"post","link":"https:\/\/www.brennerbasisdemokratie.eu\/?p=26150","title":{"rendered":"Toponomastica \u00abminoritaria\u00bb in Trentino."},"content":{"rendered":"<blockquote><p>Fatte salve le denominazioni dei comuni, le indicazioni e le segnalazioni relative a localit\u00e0 e toponimi di minoranza sono di regola espresse nella <span style=\"text-decoration: underline;\">sola<\/span> denominazione ladina, m\u00f2chena o cimbra. <span style=\"text-decoration: underline;\">Possono<\/span> essere redatte anche nel corrispondente nome italiano, se questo \u00e8 registrato nel rispettivo repertorio dei toponimi, con pari dignit\u00e0 grafica.<\/p><\/blockquote>\n<p><em>Legge Provinciale sulla tutela delle Minoranze (6\/2008), Provincia Autonoma di Trento, art. 19, comma 6. Sottolineatura mia.<\/em><\/p>\n<p><strong><span style=\"font-family: Helvetica, Arial, sans-serif; text-transform: uppercase;\">C\u00ebla enghe:<\/span><\/strong> <a title=\"Modellautonomie I.\" href=\"http:\/\/www.brennerbasisdemokratie.eu\/?p=1120\"><code>01<\/code><\/a> <a title=\"Sollen Ortsnamen \u00bb\u00fcbersetzt\u00ab werden?\" href=\"http:\/\/www.brennerbasisdemokratie.eu\/?p=26012\"><code>02<\/code><\/a> <a title=\"Kulturpolitik? \u00dcbernimmt Google.\" href=\"http:\/\/www.brennerbasisdemokratie.eu\/?p=22835\"><code>03<\/code><\/a> <a title=\"Tribus \u00fcber Kronbichler.\" href=\"https:\/\/www.brennerbasisdemokratie.eu\/?p=16004\"><code>04<\/code><\/a> <span style=\"font-family: Helvetica, Arial, sans-serif; font-weight: normal;\">||<\/span> <a title=\"Benvenuto, comun de S\u00e8n Jan.\" href=\"https:\/\/www.brennerbasisdemokratie.eu\/?p=32720\"><span style=\"color: #ff8c00\"><code>01<\/code><\/span><\/a><\/p>","protected":false},"excerpt":{"rendered":"<p>Fatte salve le denominazioni dei comuni, le indicazioni e le segnalazioni relative a localit\u00e0 e toponimi di minoranza sono di regola espresse nella sola denominazione ladina, m\u00f2chena o cimbra. Possono essere redatte anche nel corrispondente nome italiano, se questo \u00e8 registrato nel rispettivo repertorio dei toponimi, con pari dignit\u00e0 grafica. Legge Provinciale sulla tutela delle [&hellip;]<\/p>","protected":false},"author":1,"featured_media":0,"comment_status":"open","ping_status":"open","sticky":false,"template":"","format":"standard","meta":{"_crdt_document":"","ngg_post_thumbnail":0,"_jetpack_memberships_contains_paid_content":false,"footnotes":""},"categories":[1],"tags":[],"class_list":["post-26150","post","type-post","status-publish","format-standard","hentry","category-allgemein","issue-autonomievergleich","issue-good-news","issue-good-practices","location-ladinia","location-sudtirolo","location-trentino","language-italiano","topic-comparatio","topic-minderheitenschutz","topic-ortsnamen","topic-vorzeigeautonomie"],"jetpack_featured_media_url":"","jetpack_sharing_enabled":true,"_links":{"self":[{"href":"https:\/\/www.brennerbasisdemokratie.eu\/index.php?rest_route=\/wp\/v2\/posts\/26150","targetHints":{"allow":["GET"]}}],"collection":[{"href":"https:\/\/www.brennerbasisdemokratie.eu\/index.php?rest_route=\/wp\/v2\/posts"}],"about":[{"href":"https:\/\/www.brennerbasisdemokratie.eu\/index.php?rest_route=\/wp\/v2\/types\/post"}],"author":[{"embeddable":true,"href":"https:\/\/www.brennerbasisdemokratie.eu\/index.php?rest_route=\/wp\/v2\/users\/1"}],"replies":[{"embeddable":true,"href":"https:\/\/www.brennerbasisdemokratie.eu\/index.php?rest_route=%2Fwp%2Fv2%2Fcomments&post=26150"}],"version-history":[{"count":10,"href":"https:\/\/www.brennerbasisdemokratie.eu\/index.php?rest_route=\/wp\/v2\/posts\/26150\/revisions"}],"predecessor-version":[{"id":74876,"href":"https:\/\/www.brennerbasisdemokratie.eu\/index.php?rest_route=\/wp\/v2\/posts\/26150\/revisions\/74876"}],"wp:attachment":[{"href":"https:\/\/www.brennerbasisdemokratie.eu\/index.php?rest_route=%2Fwp%2Fv2%2Fmedia&parent=26150"}],"wp:term":[{"taxonomy":"category","embeddable":true,"href":"https:\/\/www.brennerbasisdemokratie.eu\/index.php?rest_route=%2Fwp%2Fv2%2Fcategories&post=26150"},{"taxonomy":"post_tag","embeddable":true,"href":"https:\/\/www.brennerbasisdemokratie.eu\/index.php?rest_route=%2Fwp%2Fv2%2Ftags&post=26150"}],"curies":[{"name":"wp","href":"https:\/\/api.w.org\/{rel}","templated":true}]}}