{"id":26406,"date":"2015-12-21T07:58:37","date_gmt":"2015-12-21T06:58:37","guid":{"rendered":"http:\/\/www.brennerbasisdemokratie.eu\/?p=26406"},"modified":"2025-09-25T22:25:59","modified_gmt":"2025-09-25T20:25:59","slug":"spanien-chance-fuer-die-selbstbestimmung","status":"publish","type":"post","link":"https:\/\/www.brennerbasisdemokratie.eu\/?p=26406","title":{"rendered":"Spanien: Chance f\u00fcr die Selbstbestimmung."},"content":{"rendered":"<p>Die gestrigen Kongresswahlen in Spanien haben die politische und parlamentarische Landschaft zwischen Atlantik und Pyren\u00e4en v\u00f6llig ver\u00e4ndert. Die Tageszeitung <em>El Pa\u00eds<\/em> spricht <a title=\"El Pa\u00eds: Bienvenidos a Italia.\" href=\"http:\/\/politica.elpais.com\/politica\/2015\/12\/20\/actualidad\/1450649531_236410.html\" target=\"_blank\" rel=\"noopener noreferrer\">von \u00bbitalienischen Verh\u00e4ltnissen\u00ab.<\/a><\/p>\n<p>Die bisher regierende Volkspartei (PP) von Mariano Rajoy musste deutlich Federn lassen. Sie verlor \u00fcber 60 Sitze und stellt fortan nur noch 123 Abgeordnete \u2014 f\u00fcr die Mehrheit im Kongress sind 176 Abgeordnete vonn\u00f6ten.<br \/>\nDie zweite gro\u00dfe Partei, die der Sozialisten (PSOE), b\u00fc\u00dfte 20 Sitze ein und stellt nunmehr 90 Kongressmitglieder. Eine gro\u00dfe Koalition w\u00e4re somit denkbar, Parteichef Pedro S\u00e1nchez schlie\u00dft diese Option bislang jedoch kategorisch aus.<\/p>\n<p>Gro\u00dfe Wahlsiegerin war mit 69 Abgeordneten <em>Podemos<\/em>, die neue linke Kraft, die aus der Emp\u00f6rtenbewegung hervorging. Spitzenkandidat Pablo Iglesias wiederholte w\u00e4hrend des Wahlkampfs immer wieder, auch in staatsweiten Fernsehdebatten, dass er den KatalanInnen ein Selbstbestimmungsreferendum gestatten w\u00fcrde \u2014 obschon er hoffe, dass es nicht zur Abspaltung kommen w\u00fcrde. Mit dieser konsequent demokratischen Haltung l\u00e4sst sich wohl auch der durchschlagende Erfolg in Katalonien und im Baskenland erkl\u00e4ren.<\/p>\n<p>Entt\u00e4uschend war hingegen das Ergebnis von <em>Ciudadanos,<\/em> einer rechtsliberalen Kraft, die aus dem Widerstand gegen die Selbstbestimmung (und die Unabh\u00e4ngigkeit) in Katalonien entstanden war, sich w\u00e4hrend der letzten Wochen und Monate aber in ganz Spanien ausbreitete. Die Partei unter der F\u00fchrung von Albert Rivera blieb mit 40 Sitzen weit unter den Erwartungen und wird somit dem PP nicht als Steigb\u00fcgelhalter f\u00fcr eine weitere Legislatur dienen k\u00f6nnen.<\/p>\n<p>Eine Koalition aus Sozialisten (PSOE), <em>Podemos<\/em> und anderen k\u00f6nnte wohl nur zustandekommen, wenn auch erstere den Katalaninnen eine Abstimmung gew\u00e4hren w\u00fcrden. Daf\u00fcr b\u00fcrgt schon die Tatsache, dass die katalanische Schwesterpartei von <em>Podemos<\/em> <em>(En Com\u00f9 Podem)<\/em> eine eigene Kongressfraktion bilden will. Eine Abkehr von der Selbstbestimmung aus koalitionstaktischen Gr\u00fcnden w\u00fcrde sie mit Sicherheit nicht mittragen.<\/p>\n<p>Au\u00dfer bei einer allf\u00e4lligen gro\u00dfen Koalition von PP und PSOE w\u00fcrde auch den zahlreichen Regionalparteien wie ERC (9 Abgeornete), CDC (8) und den Baskenparteien EAJ (6) bzw. <em>Bildu<\/em> (2) eine wichtige Rolle als Z\u00fcnglein an der Waage zukommen. Es wird spannend \u2014 und es bleibt eine kleine Hoffnung auf eine \u00bblegale\u00ab Selbstbestimmung in Katalonien.<\/p>","protected":false},"excerpt":{"rendered":"<p>Die gestrigen Kongresswahlen in Spanien haben die politische und parlamentarische Landschaft zwischen Atlantik und Pyren\u00e4en v\u00f6llig ver\u00e4ndert. Die Tageszeitung El Pa\u00eds spricht von \u00bbitalienischen Verh\u00e4ltnissen\u00ab. Die bisher regierende Volkspartei (PP) von Mariano Rajoy musste deutlich Federn lassen. Sie verlor \u00fcber 60 Sitze und stellt fortan nur noch 123 Abgeordnete \u2014 f\u00fcr die Mehrheit im Kongress [&hellip;]<\/p>","protected":false},"author":1,"featured_media":0,"comment_status":"open","ping_status":"open","sticky":false,"template":"","format":"standard","meta":{"_crdt_document":"","ngg_post_thumbnail":0,"_jetpack_memberships_contains_paid_content":false,"footnotes":""},"categories":[1],"tags":[],"class_list":["post-26406","post","type-post","status-publish","format-standard","hentry","category-allgemein","entity-cs","entity-eaj","entity-eh-bildu","entity-erc","entity-podem-os","entity-pp","entity-psoe","issue-wahlen","location-catalunya","location-euskadi","location-spania","language-deutsch","medium-el-pais","person-mariano-rajoy","person-pedro-sanchez","topic-grundrechte","topic-medien","topic-politik","topic-selbstbestimmung"],"jetpack_featured_media_url":"","jetpack_sharing_enabled":true,"_links":{"self":[{"href":"https:\/\/www.brennerbasisdemokratie.eu\/index.php?rest_route=\/wp\/v2\/posts\/26406","targetHints":{"allow":["GET"]}}],"collection":[{"href":"https:\/\/www.brennerbasisdemokratie.eu\/index.php?rest_route=\/wp\/v2\/posts"}],"about":[{"href":"https:\/\/www.brennerbasisdemokratie.eu\/index.php?rest_route=\/wp\/v2\/types\/post"}],"author":[{"embeddable":true,"href":"https:\/\/www.brennerbasisdemokratie.eu\/index.php?rest_route=\/wp\/v2\/users\/1"}],"replies":[{"embeddable":true,"href":"https:\/\/www.brennerbasisdemokratie.eu\/index.php?rest_route=%2Fwp%2Fv2%2Fcomments&post=26406"}],"version-history":[{"count":9,"href":"https:\/\/www.brennerbasisdemokratie.eu\/index.php?rest_route=\/wp\/v2\/posts\/26406\/revisions"}],"predecessor-version":[{"id":47643,"href":"https:\/\/www.brennerbasisdemokratie.eu\/index.php?rest_route=\/wp\/v2\/posts\/26406\/revisions\/47643"}],"wp:attachment":[{"href":"https:\/\/www.brennerbasisdemokratie.eu\/index.php?rest_route=%2Fwp%2Fv2%2Fmedia&parent=26406"}],"wp:term":[{"taxonomy":"category","embeddable":true,"href":"https:\/\/www.brennerbasisdemokratie.eu\/index.php?rest_route=%2Fwp%2Fv2%2Fcategories&post=26406"},{"taxonomy":"post_tag","embeddable":true,"href":"https:\/\/www.brennerbasisdemokratie.eu\/index.php?rest_route=%2Fwp%2Fv2%2Ftags&post=26406"}],"curies":[{"name":"wp","href":"https:\/\/api.w.org\/{rel}","templated":true}]}}