{"id":265,"date":"2006-11-27T08:44:46","date_gmt":"2006-11-27T07:44:46","guid":{"rendered":"http:\/\/www.selbstbestimmung.net\/?p=265"},"modified":"2018-04-23T18:11:33","modified_gmt":"2018-04-23T16:11:33","slug":"caa-ii","status":"publish","type":"post","link":"https:\/\/www.brennerbasisdemokratie.eu\/?p=265","title":{"rendered":"C&#8217;AA (III)."},"content":{"rendered":"<p>Am 25.11.2006 ist im <em>Corriere dell&#8217;A. Adige<\/em> folgender Kommentar erschienen:<\/p>\n<blockquote><p>La nazione \u201cin fieri\u201d\u009d<\/p>\n<p>Negli ultimi giorni si \u00e8 tornato a parlare di autodeterminazione in relazione a due proposte molto diverse. La prima proviene dagli ambienti patriottici della destra sudtirolese (politicamente rappresentata dai partiti Union f\u00fcr S\u00fcdtirol e Freiheitlichen) e non costituisce una sostanziale novit\u00e0. La seconda, apartitica e sostenuta da un gruppo di cittadini che animano una piattaforma online denominata \u201cBrennerbasisdemokratie\u201d\u009d, introduce invece nel dibattito un elemento di discontinuit\u00e0 e, a mio avviso, merita un approfondimento.<\/p>\n<p>Come detto, il gruppo di lavoro per l\u2019autodeterminazione (\u201cArbeitsgruppe f\u00fcr Selbstbestimmung\u201d) allestito dalla destra sudtirolese non \u00e8 una grande sorpresa. Per Eva Klotz e Pius Leitner, tedofori o custodi dell\u2019inestinta brama di \u201clibert\u00e0\u201d\u009d del popolo sudtirolese di lingua tedesca, il futuro di questa provincia passa per un sostanziale rifiuto dell\u2019autonomia ed \u00e8 concepito come un restauro dell\u2019appartenenza alla madrepatria austriaca, unico approdo sicuro al fine di sfuggire dalle grinfie dell\u2019aborrito stato italiano. Per rendere la cosa un po\u2019 pi\u00f9 convincente e pragmatica, il documento \u201cS\u00fcdtirol \u2013 wo liegt deine Zukunft?\u201d\u009d (Sudtirolo \u2013 quale futuro?), nel frattempo inviato in pieno stile berlusconiano ad ogni famiglia, sciorina alcuni dati di confronto tra l\u2019Italia e l\u2019Austria (e tra il Sudtirolo e il Tirolo del nord), giungendo alla discutibile conclusione che un \u201critorno\u201d\u009d all\u2019Austria non sarebbe soltanto un\u2019operazione di nostalgico restyling, ma porterebbe anche un cospicuo vantaggio economico.<\/p>\n<p>Di tutt\u2019altra natura, e molto pi\u00f9 interessante, il contenuto della proposta autodeterministica avanzata dalla piattaforma \u201cBrennerbasisdemokratie\u201d\u009d. Il focus dell\u2019analisi muove qui dalla critica rivolta alla dialettica tra una maggioranza e una minoranza intese ancora etnicamente, come blocchi contrapposti. Conseguentemente, la rivendicazione di una maggiore autodeterminazione non procede dagli interessi di un particolare gruppo (come nel caso della destra sudtirolese), ma promuove una piena integrazione e collaborazione di ogni cittadino residente in questa provincia. Per far questo si ritiene plausibile attivare un originale processo di \u201cnation building\u201d\u009d teso a sottolineare e a raccogliere quanto di meglio ha prodotto lo sviluppo dell\u2019autonomia, anche e soprattutto in relazione all\u2019emergere di una identit\u00e0 sudtirolese \u201cindivisa\u201d\u009d, concepita oltre i limiti imposti dalla vecchia logica della \u201cnazione culturale\u201d\u009d. Il Sudtirolo come \u201cnazione in fieri\u201d\u009d, dunque, immaginabile mediante la ridefinizione dei confini psicologici che ancora persistono soprattutto al suo interno.<\/p>\n<div>Gabriele Di Luca<\/div>\n<\/blockquote>","protected":false},"excerpt":{"rendered":"<p>Am 25.11.2006 ist im Corriere dell&#8217;A. Adige folgender Kommentar erschienen: La nazione \u201cin fieri\u201d\u009d Negli ultimi giorni si \u00e8 tornato a parlare di autodeterminazione in relazione a due proposte molto diverse. La prima proviene dagli ambienti patriottici della destra sudtirolese (politicamente rappresentata dai partiti Union f\u00fcr S\u00fcdtirol e Freiheitlichen) e non costituisce una sostanziale novit\u00e0. [&hellip;]<\/p>","protected":false},"author":1,"featured_media":0,"comment_status":"open","ping_status":"open","sticky":false,"template":"","format":"standard","meta":{"_crdt_document":"","ngg_post_thumbnail":0,"_jetpack_memberships_contains_paid_content":false,"footnotes":""},"categories":[],"tags":[],"class_list":["post-265","post","type-post","status-publish","format-standard","hentry","entity-freiheitliche","entity-stf","issue-zitac","language-italiano","medium-corriere","topic-medien","topic-politik","topic-selbstbestimmung"],"jetpack_featured_media_url":"","jetpack_sharing_enabled":true,"_links":{"self":[{"href":"https:\/\/www.brennerbasisdemokratie.eu\/index.php?rest_route=\/wp\/v2\/posts\/265","targetHints":{"allow":["GET"]}}],"collection":[{"href":"https:\/\/www.brennerbasisdemokratie.eu\/index.php?rest_route=\/wp\/v2\/posts"}],"about":[{"href":"https:\/\/www.brennerbasisdemokratie.eu\/index.php?rest_route=\/wp\/v2\/types\/post"}],"author":[{"embeddable":true,"href":"https:\/\/www.brennerbasisdemokratie.eu\/index.php?rest_route=\/wp\/v2\/users\/1"}],"replies":[{"embeddable":true,"href":"https:\/\/www.brennerbasisdemokratie.eu\/index.php?rest_route=%2Fwp%2Fv2%2Fcomments&post=265"}],"version-history":[{"count":8,"href":"https:\/\/www.brennerbasisdemokratie.eu\/index.php?rest_route=\/wp\/v2\/posts\/265\/revisions"}],"predecessor-version":[{"id":40738,"href":"https:\/\/www.brennerbasisdemokratie.eu\/index.php?rest_route=\/wp\/v2\/posts\/265\/revisions\/40738"}],"wp:attachment":[{"href":"https:\/\/www.brennerbasisdemokratie.eu\/index.php?rest_route=%2Fwp%2Fv2%2Fmedia&parent=265"}],"wp:term":[{"taxonomy":"category","embeddable":true,"href":"https:\/\/www.brennerbasisdemokratie.eu\/index.php?rest_route=%2Fwp%2Fv2%2Fcategories&post=265"},{"taxonomy":"post_tag","embeddable":true,"href":"https:\/\/www.brennerbasisdemokratie.eu\/index.php?rest_route=%2Fwp%2Fv2%2Ftags&post=265"}],"curies":[{"name":"wp","href":"https:\/\/api.w.org\/{rel}","templated":true}]}}