{"id":26608,"date":"2016-01-10T22:50:16","date_gmt":"2016-01-10T21:50:16","guid":{"rendered":"http:\/\/www.brennerbasisdemokratie.eu\/?p=26608"},"modified":"2019-11-26T22:12:09","modified_gmt":"2019-11-26T21:12:09","slug":"puigdemont-postautonomia-e-preindipendenza","status":"publish","type":"post","link":"https:\/\/www.brennerbasisdemokratie.eu\/?p=26608","title":{"rendered":"Puigdemont: Postautonomia e preindipendenza."},"content":{"rendered":"<p>Ancora pochi giorni fa <a title=\"Battuta d\u2019arresto per l\u2019indipendenza catalana.\" href=\"http:\/\/www.brennerbasisdemokratie.eu\/?p=26513\">la situazione in Catalogna sembrava non avere vie d&#8217;uscita<\/a>: la sinistra radicale delle cosidette candidature d&#8217;unit\u00e0 popolare (CUP) avevano espresso un veto nei confronti di Artur Mas, mentre <em>Junts pel S\u00ed\u00ad<\/em> (JxS), la coalizione elettorale degli indipendentisti (CDC, <abbr title=\"Esquerra Republicana de Catalunya\">ERC<\/abbr>, <abbr title=\"Assemblea Nacional Catalana\">ANC<\/abbr>, <em>\u00d2mnium Cultural<\/em> ed altri), non sembrava avere alcuna intenzione di proporre un candidato alternativo per la presidenza del paese.<\/p>\n<p>Nonostante ci\u00f2 le trattative fra CUP e JxS sono proseguite a ritmi serratissimi e oggi, un giorno prima dello scioglimento del <em>parlament<\/em> e l&#8217;indizione di ulteriori elezioni anticipate, la soluzione \u00e8 stata trovata: il 130. <em>president<\/em> della Catalogna non si chiama Artur Mas, bens\u00ec Carles Puigdemont i Casamaj\u00f3. Sindaco di Girona in quota CDC, di simpatie socialdemocratiche, indipendentista da sempre, \u00e8 gi\u00e0 stato eletto presidente oggi stesso con 70 voti favorevoli e 63 contrari a fronte di due astensioni in parlamento.<\/p>\n<p>Durante il discorso di investitura Puigdemont ha ringraziato il collega di partito Artur Mas per il suo \u00abpasso a lato\u00bb (ben diverso da un \u00abpasso indietro\u00bb), si \u00e8 scusato con la popolazione catalana per lo <em>show<\/em> invero poco edificante di un&#8217;investitura all&#8217;ultimo minuto e ha annunciato una legislatura di \u00abpostautonomia e preindipendenza\u00bb.<\/p>\n<p>Il nuovo <em>president<\/em> ha inoltre messo in chiaro che<\/p>\n<ul>\n<li>il programma di governo sar\u00e0 lo stesso presentato da Artur Mas in dicembre;<\/li>\n<li>ovviamente metter\u00e0 in atto la <a title=\"Unabh\u00e4ngigkeitsresolution angenommen.\" href=\"http:\/\/www.brennerbasisdemokratie.eu\/?p=25929\">risoluzione indipendentista<\/a> approvata dal parlamento e<\/li>\n<li>sar\u00e0 necessario portare a un nuovo livello il confronto \u2014 e la confrontazione \u2014 con la Spagna e con l&#8217;Unione Europea per il conseguimento dell&#8217;indipendenza.<\/li>\n<\/ul>","protected":false},"excerpt":{"rendered":"<p>Ancora pochi giorni fa la situazione in Catalogna sembrava non avere vie d&#8217;uscita: la sinistra radicale delle cosidette candidature d&#8217;unit\u00e0 popolare (CUP) avevano espresso un veto nei confronti di Artur Mas, mentre Junts pel S\u00ed\u00ad (JxS), la coalizione elettorale degli indipendentisti (CDC, ERC, ANC, \u00d2mnium Cultural ed altri), non sembrava avere alcuna intenzione di proporre [&hellip;]<\/p>","protected":false},"author":1,"featured_media":0,"comment_status":"open","ping_status":"open","sticky":false,"template":"","format":"standard","meta":{"_crdt_document":"","ngg_post_thumbnail":0,"_jetpack_memberships_contains_paid_content":false,"footnotes":""},"categories":[1],"tags":[],"class_list":["post-26608","post","type-post","status-publish","format-standard","hentry","category-allgemein","entity-cup","entity-eu","entity-jxs","location-catalunya","language-italiano","person-artur-mas","person-carles-puigdemont","topic-politik","topic-selbstbestimmung"],"jetpack_featured_media_url":"","jetpack_sharing_enabled":true,"_links":{"self":[{"href":"https:\/\/www.brennerbasisdemokratie.eu\/index.php?rest_route=\/wp\/v2\/posts\/26608","targetHints":{"allow":["GET"]}}],"collection":[{"href":"https:\/\/www.brennerbasisdemokratie.eu\/index.php?rest_route=\/wp\/v2\/posts"}],"about":[{"href":"https:\/\/www.brennerbasisdemokratie.eu\/index.php?rest_route=\/wp\/v2\/types\/post"}],"author":[{"embeddable":true,"href":"https:\/\/www.brennerbasisdemokratie.eu\/index.php?rest_route=\/wp\/v2\/users\/1"}],"replies":[{"embeddable":true,"href":"https:\/\/www.brennerbasisdemokratie.eu\/index.php?rest_route=%2Fwp%2Fv2%2Fcomments&post=26608"}],"version-history":[{"count":9,"href":"https:\/\/www.brennerbasisdemokratie.eu\/index.php?rest_route=\/wp\/v2\/posts\/26608\/revisions"}],"predecessor-version":[{"id":53272,"href":"https:\/\/www.brennerbasisdemokratie.eu\/index.php?rest_route=\/wp\/v2\/posts\/26608\/revisions\/53272"}],"wp:attachment":[{"href":"https:\/\/www.brennerbasisdemokratie.eu\/index.php?rest_route=%2Fwp%2Fv2%2Fmedia&parent=26608"}],"wp:term":[{"taxonomy":"category","embeddable":true,"href":"https:\/\/www.brennerbasisdemokratie.eu\/index.php?rest_route=%2Fwp%2Fv2%2Fcategories&post=26608"},{"taxonomy":"post_tag","embeddable":true,"href":"https:\/\/www.brennerbasisdemokratie.eu\/index.php?rest_route=%2Fwp%2Fv2%2Ftags&post=26608"}],"curies":[{"name":"wp","href":"https:\/\/api.w.org\/{rel}","templated":true}]}}