{"id":26633,"date":"2016-01-13T19:57:32","date_gmt":"2016-01-13T18:57:32","guid":{"rendered":"http:\/\/www.brennerbasisdemokratie.eu\/?p=26633"},"modified":"2021-06-15T20:21:32","modified_gmt":"2021-06-15T18:21:32","slug":"vernichtende-kritik-an-der-verfassungsreform","status":"publish","type":"post","link":"https:\/\/www.brennerbasisdemokratie.eu\/?p=26633","title":{"rendered":"Vernichtende Kritik an der Verfassungsreform."},"content":{"rendered":"<p>Florian Kronbichler <em>(V\u00ebrc<\/em>\/italienische Linke), Abgeordneter zum italienischen Parlament, hat gegen die am Montag verabschiedete Verfassungsreform der Regierung Renzi gestimmt. In einem <a title=\"Verfassungsreform: Warum ich heute nein sage.\" href=\"http:\/\/floriankronbichler.eu\/2016\/01\/1456\/verfassungsreform-warum-ich-heute-nein-sage\/\" target=\"_blank\" rel=\"noopener noreferrer\">Beitrag auf seiner Homepage<\/a> erhebt er schwerste Vorw\u00fcrfe gegen den Ministerpr\u00e4sidenten, die <em>S\u00fcdtiroler Volkspartei<\/em> und den Inhalt der Reform.<\/p>\n<p>Der italienische Regierungschef habe sich selbst mit einer \u00bbunkontrollierbaren Machtf\u00fclle\u00ab ausgestattet, die es in keinem anderen demokratischen Land gebe. Das Parlament werde durch die Reform hingegen entscheidend geschw\u00e4cht.<\/p>\n<blockquote><p>Wir werden einen autorit\u00e4ren, zentralistischen, der demokratischen Kontrolle weitgehend entzogenen Staat haben.<\/p>\n<p><em>\u2013 Florian Kronbichler<\/em><\/p><\/blockquote>\n<p>Die SVP erkl\u00e4re ihre Zustimmung zu Renzis Verfassungs\u00e4nderung mit der sogenannten \u00bbSchutzklausel\u00ab f\u00fcr autonome Regionen, die Kronbichler jedoch als eine \u00bbStundung\u00ab bezeichnet: \u00dcber kurz oder lang werde sich die undemokratische, zentralistische und antiautonomistische Dynamik der Reform auch auf S\u00fcdtirol auswirken.<\/p>\n<blockquote><p>Es gibt f\u00fcr mich keine gute Landesautonomie innerhalb einer schlechten Staatsverfassung.<\/p>\n<p><em>\u2013 Florian Kronbichler<\/em><\/p><\/blockquote>\n<p>Schon jetzt verweist der Abgeordnete auf das Referendum im Herbst, bei dem die B\u00fcrgerinnen und B\u00fcrger die Zur\u00fccknahme der Reform beschlie\u00dfen k\u00f6nnen.<\/p>\n<p><strong><span style=\"font-family: Helvetica, Arial, sans-serif; text-transform: uppercase;\">C\u00ebla enghe:<\/span><\/strong> <a title=\"Landtag gegen Verfassungsreform.\" href=\"http:\/\/www.brennerbasisdemokratie.eu\/?p=25938\"><code>01<\/code><\/a>\u00a0<a title=\"Mit Schutzklausel zum gallischen Dorf.\" href=\"http:\/\/www.brennerbasisdemokratie.eu\/?p=19045\"><code>02<\/code><\/a>\u00a0<a title=\"Verfassungsreform: Die Antwort der SVP.\" href=\"http:\/\/www.brennerbasisdemokratie.eu\/?p=22908\"><code>03<\/code><\/a> <a title=\"Zentralistische Verfassungsreform.\" href=\"http:\/\/www.brennerbasisdemokratie.eu\/?p=18657\"><code>04<\/code><\/a>\u00a0<a title=\"Ende eines Weges?\" href=\"http:\/\/www.brennerbasisdemokratie.eu\/?p=20022\"><code>05<\/code><\/a> <a title=\"Zur\u00fcck zum Zentralismus.\" href=\"http:\/\/www.brennerbasisdemokratie.eu\/?p=20191\"><code>06<\/code><\/a><\/p>","protected":false},"excerpt":{"rendered":"<p>Florian Kronbichler (V\u00ebrc\/italienische Linke), Abgeordneter zum italienischen Parlament, hat gegen die am Montag verabschiedete Verfassungsreform der Regierung Renzi gestimmt. In einem Beitrag auf seiner Homepage erhebt er schwerste Vorw\u00fcrfe gegen den Ministerpr\u00e4sidenten, die S\u00fcdtiroler Volkspartei und den Inhalt der Reform. Der italienische Regierungschef habe sich selbst mit einer \u00bbunkontrollierbaren Machtf\u00fclle\u00ab ausgestattet, die es in keinem [&hellip;]<\/p>","protected":false},"author":1,"featured_media":0,"comment_status":"open","ping_status":"open","sticky":false,"template":"","format":"standard","meta":{"_crdt_document":"","ngg_post_thumbnail":0,"_jetpack_memberships_contains_paid_content":false,"footnotes":""},"categories":[1],"tags":[],"class_list":["post-26633","post","type-post","status-publish","format-standard","hentry","category-allgemein","entity-pd","entity-svp","entity-verc","issue-verfassungsreform16","issue-zitac","language-deutsch","person-flor","topic-mitbestimmung","topic-recht","topic-zentralismus"],"jetpack_featured_media_url":"","jetpack_sharing_enabled":true,"_links":{"self":[{"href":"https:\/\/www.brennerbasisdemokratie.eu\/index.php?rest_route=\/wp\/v2\/posts\/26633","targetHints":{"allow":["GET"]}}],"collection":[{"href":"https:\/\/www.brennerbasisdemokratie.eu\/index.php?rest_route=\/wp\/v2\/posts"}],"about":[{"href":"https:\/\/www.brennerbasisdemokratie.eu\/index.php?rest_route=\/wp\/v2\/types\/post"}],"author":[{"embeddable":true,"href":"https:\/\/www.brennerbasisdemokratie.eu\/index.php?rest_route=\/wp\/v2\/users\/1"}],"replies":[{"embeddable":true,"href":"https:\/\/www.brennerbasisdemokratie.eu\/index.php?rest_route=%2Fwp%2Fv2%2Fcomments&post=26633"}],"version-history":[{"count":8,"href":"https:\/\/www.brennerbasisdemokratie.eu\/index.php?rest_route=\/wp\/v2\/posts\/26633\/revisions"}],"predecessor-version":[{"id":66441,"href":"https:\/\/www.brennerbasisdemokratie.eu\/index.php?rest_route=\/wp\/v2\/posts\/26633\/revisions\/66441"}],"wp:attachment":[{"href":"https:\/\/www.brennerbasisdemokratie.eu\/index.php?rest_route=%2Fwp%2Fv2%2Fmedia&parent=26633"}],"wp:term":[{"taxonomy":"category","embeddable":true,"href":"https:\/\/www.brennerbasisdemokratie.eu\/index.php?rest_route=%2Fwp%2Fv2%2Fcategories&post=26633"},{"taxonomy":"post_tag","embeddable":true,"href":"https:\/\/www.brennerbasisdemokratie.eu\/index.php?rest_route=%2Fwp%2Fv2%2Ftags&post=26633"}],"curies":[{"name":"wp","href":"https:\/\/api.w.org\/{rel}","templated":true}]}}