{"id":26739,"date":"2016-01-18T11:46:38","date_gmt":"2016-01-18T10:46:38","guid":{"rendered":"http:\/\/www.brennerbasisdemokratie.eu\/?p=26739"},"modified":"2026-02-03T11:29:34","modified_gmt":"2026-02-03T10:29:34","slug":"autonomie-scheibchenweise-adieu","status":"publish","type":"post","link":"https:\/\/www.brennerbasisdemokratie.eu\/?p=26739","title":{"rendered":"\u203aAutonomie scheibchenweise adieu.\u2039"},"content":{"rendered":"<p>Unter diesem Titel berichten die <em>Dolomiten<\/em> in ihrer heutigen Ausgabe von der erneuten Aberkennung autonomer Befugnisse durch ein Gericht. Rechtsanwalt Peter Paul Brugger, Bruder des ehemaligen SVP-Obmanns Siegfried, sei im Zuge des inzwischen eingestellten Disziplinarverfahrens gegen Dr. Reinhold Perkmann auf ein Urteil zur Personalordnung des Landes gesto\u00dfen, das vom Bozner Landesgericht am 18. Dezember 2015 verfasst worden ist. Obschon das Land S\u00fcdtirol bez\u00fcglich Ordnung der Landes\u00e4mter und des zugeordneten Personals prim\u00e4re Gesetzgebungsbefugnis habe, habe sich das Gericht \u00fcber einschl\u00e4gige Landesgesetze hinweggesetzt und das Staatsgesetz angewandt. In einem Streitfall, so Brugger, drohe eine Niederlage und somit \u2014 \u00bbscheibchenweise\u00ab \u2014 der Verlust hart erstrittener Zust\u00e4ndigkeiten.<\/p>\n<blockquote><p>Wenn es tats\u00e4chlich so leicht ist, unsere Autonomie-Erfolge zu untergraben, dann mache ich mir Sorgen. Wir als Land S\u00fcdtirol d\u00fcrfen hier nicht einfach zuschauen, sondern m\u00fcssen k\u00e4mpfen.<\/p>\n<p><em>\u2014 RA Peter Paul Brugger<\/em><\/p><\/blockquote>\n<p>Gerade wird mit einem aufw\u00e4ndigen Konvent eine Autonomiereform angesto\u00dfen. Wenn das Statut jedoch in vielen F\u00e4llen nichts als ein Papiertiger ist, stellt sich die Frage nach der Sinnhaftigkeit eines solchen Regelwerks. Mehrere Bestimmungen des alten Autonomiestatuts von 1972 sind bis heute nicht umgesetzt, andere wurden durch Zentralregierung und Verfassungsgericht beschnitten. Und diesmal ist es gar ein gew\u00f6hnliches Gericht, das sich \u00fcber prim\u00e4re Zust\u00e4ndigkeiten hinwegsetzt.<\/p>\n<p><strong><span style=\"font-family: Helvetica, Arial, sans-serif; text-transform: uppercase;\">C\u00ebla enghe:<\/span><\/strong> <a title=\"50 Prozent der Zust\u00e4ndigkeiten wurden beschnitten.\" href=\"https:\/\/www.brennerbasisdemokratie.eu\/?p=71051\"><span style=\"color: #ff8c00\"><code>01<\/code><\/span><\/a><\/p>","protected":false},"excerpt":{"rendered":"<p>Unter diesem Titel berichten die Dolomiten in ihrer heutigen Ausgabe von der erneuten Aberkennung autonomer Befugnisse durch ein Gericht. Rechtsanwalt Peter Paul Brugger, Bruder des ehemaligen SVP-Obmanns Siegfried, sei im Zuge des inzwischen eingestellten Disziplinarverfahrens gegen Dr. Reinhold Perkmann auf ein Urteil zur Personalordnung des Landes gesto\u00dfen, das vom Bozner Landesgericht am 18. Dezember 2015 [&hellip;]<\/p>","protected":false},"author":1,"featured_media":0,"comment_status":"open","ping_status":"open","sticky":false,"template":"","format":"standard","meta":{"_crdt_document":"","ngg_post_thumbnail":0,"_jetpack_memberships_contains_paid_content":false,"footnotes":""},"categories":[1],"tags":[],"class_list":["post-26739","post","type-post","status-publish","format-standard","hentry","category-allgemein","entity-pd","entity-svp","entity-verfassungsgericht","issue-suedtirolkonvent","issue-zitac","location-sudtirolo","language-deutsch","medium-dolo","topic-autonomieverlust","topic-medien","topic-recht","topic-vorzeigeautonomie","topic-zentralismus","topic-zustaendigkeiten"],"jetpack_featured_media_url":"","jetpack_sharing_enabled":true,"_links":{"self":[{"href":"https:\/\/www.brennerbasisdemokratie.eu\/index.php?rest_route=\/wp\/v2\/posts\/26739","targetHints":{"allow":["GET"]}}],"collection":[{"href":"https:\/\/www.brennerbasisdemokratie.eu\/index.php?rest_route=\/wp\/v2\/posts"}],"about":[{"href":"https:\/\/www.brennerbasisdemokratie.eu\/index.php?rest_route=\/wp\/v2\/types\/post"}],"author":[{"embeddable":true,"href":"https:\/\/www.brennerbasisdemokratie.eu\/index.php?rest_route=\/wp\/v2\/users\/1"}],"replies":[{"embeddable":true,"href":"https:\/\/www.brennerbasisdemokratie.eu\/index.php?rest_route=%2Fwp%2Fv2%2Fcomments&post=26739"}],"version-history":[{"count":5,"href":"https:\/\/www.brennerbasisdemokratie.eu\/index.php?rest_route=\/wp\/v2\/posts\/26739\/revisions"}],"predecessor-version":[{"id":97949,"href":"https:\/\/www.brennerbasisdemokratie.eu\/index.php?rest_route=\/wp\/v2\/posts\/26739\/revisions\/97949"}],"wp:attachment":[{"href":"https:\/\/www.brennerbasisdemokratie.eu\/index.php?rest_route=%2Fwp%2Fv2%2Fmedia&parent=26739"}],"wp:term":[{"taxonomy":"category","embeddable":true,"href":"https:\/\/www.brennerbasisdemokratie.eu\/index.php?rest_route=%2Fwp%2Fv2%2Fcategories&post=26739"},{"taxonomy":"post_tag","embeddable":true,"href":"https:\/\/www.brennerbasisdemokratie.eu\/index.php?rest_route=%2Fwp%2Fv2%2Ftags&post=26739"}],"curies":[{"name":"wp","href":"https:\/\/api.w.org\/{rel}","templated":true}]}}