{"id":26748,"date":"2016-01-19T17:29:29","date_gmt":"2016-01-19T16:29:29","guid":{"rendered":"http:\/\/www.brennerbasisdemokratie.eu\/?p=26748"},"modified":"2024-09-27T22:15:53","modified_gmt":"2024-09-27T20:15:53","slug":"quotation-251-grosse-fragen","status":"publish","type":"post","link":"https:\/\/www.brennerbasisdemokratie.eu\/?p=26748","title":{"rendered":"Gro\u00dfe Fragen."},"content":{"rendered":"<blockquote><p>\u201cWas von allein kommt, vergeht auch wieder von allein\u201d, sagt zwar der Volksmund, darauf zu warten, dass sich Ver\u00e4nderungen von selbst einstellen, ist aber keine L\u00f6sung.<\/p><\/blockquote>\n<blockquote><p>Einerseits soll es [im Konvent] um lebensnahe Themen des Alltags gehen: Wie werden die Schulen aussehen, die unsere Sch\u00fcler k\u00fcnftig besuchen? Wie wird die Gesundheitsversorgung geregelt werden und wer entscheidet dar\u00fcber?<\/p>\n<p>Aber auch die gro\u00dfen Fragen sollen diskutiert werden: Wie sollen sich B\u00fcrger in die S\u00fcdtiroler Politikgestaltung einbringen? Welche Rolle wird S\u00fcdtirol in Europa spielen? Wie werden die Beziehungen zu Italien aussehen? <u>Wie stehen die S\u00fcdtiroler zu politischen Visionen wie Vollautonomie, Freistaat, Makroregion Alpenraum oder R\u00fcckkehr zu \u00d6sterreich?<\/u><\/p><\/blockquote>\n<p><em>Auszug aus dem institutionellen <a title=\"Konvent: Ein Meilenstein f\u00fcr die Zukunft.\" href=\"http:\/\/web.archive.org\/web\/20160203062135\/http:\/\/www.konvent.bz.it\/de\/content\/ein-meilenstein-fur-die-zukunft\" target=\"_blank\" rel=\"noopener\">Beitrag<\/a> \u00bbHintergrund \u2014 Ein Meilenstein f\u00fcr die Zukunft\u00ab auf der Internetplattform des S\u00fcdtirolkonvents. Unterstreichung von mir.<\/em><\/p>\n<p>Gewidmet all jenen, die \u2014 wie <a title=\"Palermo kann auch ohne.\" href=\"http:\/\/www.brennerbasisdemokratie.eu\/?p=26699\">Senatoren<\/a> und Landtagsabgeordnete \u2014 w\u00e4hrend der letzten Tage gemahnt (oder bef\u00fcrchtet) haben, der <em>S\u00fcdtirolkonvent<\/em> sei kein Ort, wo man sich mit anderen Themen als mit der Autonomie befassen solle (oder d\u00fcrfe).<\/p>\n<p><strong><span style=\"font-family: Helvetica, Arial, sans-serif; text-transform: uppercase;\">C\u00ebla enghe:<\/span><\/strong> <a title=\"Der Elefant im Open Space.\" href=\"http:\/\/www.brennerbasisdemokratie.eu\/?p=26547\"><code>01<\/code><\/a> <a title=\"Colaur\u00e9 tla convenziun de S\u00fcdtirol.\" href=\"http:\/\/www.brennerbasisdemokratie.eu\/?p=26640\"><code>02<\/code><\/a><\/p>","protected":false},"excerpt":{"rendered":"<p>\u201cWas von allein kommt, vergeht auch wieder von allein\u201d, sagt zwar der Volksmund, darauf zu warten, dass sich Ver\u00e4nderungen von selbst einstellen, ist aber keine L\u00f6sung. Einerseits soll es [im Konvent] um lebensnahe Themen des Alltags gehen: Wie werden die Schulen aussehen, die unsere Sch\u00fcler k\u00fcnftig besuchen? Wie wird die Gesundheitsversorgung geregelt werden und wer [&hellip;]<\/p>","protected":false},"author":1,"featured_media":0,"comment_status":"open","ping_status":"open","sticky":false,"template":"","format":"standard","meta":{"_crdt_document":"","ngg_post_thumbnail":0,"_jetpack_memberships_contains_paid_content":false,"footnotes":""},"categories":[1],"tags":[],"class_list":["post-26748","post","type-post","status-publish","format-standard","hentry","category-allgemein","entity-eu","entity-euregio","issue-quotation","issue-suedtirolkonvent","language-deutsch","topic-gesundheit","topic-grundrechte","topic-mitbestimmung","topic-politik","topic-scola","topic-selbstbestimmung","topic-vorzeigeautonomie"],"jetpack_featured_media_url":"","jetpack_sharing_enabled":true,"_links":{"self":[{"href":"https:\/\/www.brennerbasisdemokratie.eu\/index.php?rest_route=\/wp\/v2\/posts\/26748","targetHints":{"allow":["GET"]}}],"collection":[{"href":"https:\/\/www.brennerbasisdemokratie.eu\/index.php?rest_route=\/wp\/v2\/posts"}],"about":[{"href":"https:\/\/www.brennerbasisdemokratie.eu\/index.php?rest_route=\/wp\/v2\/types\/post"}],"author":[{"embeddable":true,"href":"https:\/\/www.brennerbasisdemokratie.eu\/index.php?rest_route=\/wp\/v2\/users\/1"}],"replies":[{"embeddable":true,"href":"https:\/\/www.brennerbasisdemokratie.eu\/index.php?rest_route=%2Fwp%2Fv2%2Fcomments&post=26748"}],"version-history":[{"count":10,"href":"https:\/\/www.brennerbasisdemokratie.eu\/index.php?rest_route=\/wp\/v2\/posts\/26748\/revisions"}],"predecessor-version":[{"id":88327,"href":"https:\/\/www.brennerbasisdemokratie.eu\/index.php?rest_route=\/wp\/v2\/posts\/26748\/revisions\/88327"}],"wp:attachment":[{"href":"https:\/\/www.brennerbasisdemokratie.eu\/index.php?rest_route=%2Fwp%2Fv2%2Fmedia&parent=26748"}],"wp:term":[{"taxonomy":"category","embeddable":true,"href":"https:\/\/www.brennerbasisdemokratie.eu\/index.php?rest_route=%2Fwp%2Fv2%2Fcategories&post=26748"},{"taxonomy":"post_tag","embeddable":true,"href":"https:\/\/www.brennerbasisdemokratie.eu\/index.php?rest_route=%2Fwp%2Fv2%2Ftags&post=26748"}],"curies":[{"name":"wp","href":"https:\/\/api.w.org\/{rel}","templated":true}]}}