{"id":27126,"date":"2016-02-23T22:59:28","date_gmt":"2016-02-23T21:59:28","guid":{"rendered":"http:\/\/www.brennerbasisdemokratie.eu\/?p=27126"},"modified":"2020-09-10T18:40:24","modified_gmt":"2020-09-10T16:40:24","slug":"staatsmann-kompatscher","status":"publish","type":"post","link":"https:\/\/www.brennerbasisdemokratie.eu\/?p=27126","title":{"rendered":"Staatsmann Kompatscher."},"content":{"rendered":"<p>Anl\u00e4sslich der &#8220;Fl\u00fcchtlingskrise&#8221; war Landeshauptmann Arno Kompatscher unl\u00e4ngst in der ORF-Sendung <a href=\"http:\/\/www.tageszeitung.it\/2016\/02\/22\/verliebt-in-arno\/\">&#8220;im Zentrum&#8221;<\/a> zu Gast. Im Beisein von \u00d6sterreichs Innenministerin Johanna Mikl-Leitner (die der gleichen Parteienfamilie wie der <abbr title=\"Landeshauptmann\/-frau\">LH<\/abbr> angeh\u00f6rt) pr\u00e4sentierte sich Kompatscher als Verfechter der <a href=\"https:\/\/twitter.com\/ArnoKompatscher\/status\/701543243704639488\">&#8220;europ\u00e4ischen Idee&#8221;<\/a>. Man mag jetzt einwenden, dass es f\u00fcr einen Regionalpolitiker, der auf dem europ\u00e4ischen Parkett nur eine kleine Nebenrolle spielt, ein Leichtes ist, sich &#8220;Europa&#8221; auf die Fahnen zu schreiben und dass sich auch die S\u00fcdtiroler Landesregierung in dieser Fl\u00fcchtlingskrise bislang nicht gerade mit Ruhm bekleckert hat.<\/p>\n<p>Dennoch, der LH schaffte es, in wenigen, klaren und intelligenten Worten genau das auszudr\u00fccken, was man von f\u00fchrenden Politikern in den Nationalstaaten derzeit vermisst. Die sind n\u00e4mlich zu sehr mit &#8220;Schwarzer Peter&#8221;-Spielen besch\u00e4ftigt. Kompatschers Forderung nach einer gemeinsamen europ\u00e4ischen Anstrengung, die \u00fcber das reine Reagieren hinausreicht, ist nicht nur eine hypothetische Option, sondern die einzige M\u00f6glichkeit \u00fcberhaupt, eine nachhaltige L\u00f6sung f\u00fcr die derzeitige Situation finden zu k\u00f6nnen.<\/p>\n<p>Der Zirkus, den die nationalen Politiker im Moment veranstalten, ist grob fahrl\u00e4ssig und f\u00fcgt unserem Kontinent enormen &#8211; aber hoffentlich reversiblen &#8211; Schaden zu.<\/p>","protected":false},"excerpt":{"rendered":"<p>Anl\u00e4sslich der &#8220;Fl\u00fcchtlingskrise&#8221; war Landeshauptmann Arno Kompatscher unl\u00e4ngst in der ORF-Sendung &#8220;im Zentrum&#8221; zu Gast. Im Beisein von \u00d6sterreichs Innenministerin Johanna Mikl-Leitner (die der gleichen Parteienfamilie wie der LH angeh\u00f6rt) pr\u00e4sentierte sich Kompatscher als Verfechter der &#8220;europ\u00e4ischen Idee&#8221;. Man mag jetzt einwenden, dass es f\u00fcr einen Regionalpolitiker, der auf dem europ\u00e4ischen Parkett nur eine kleine [&hellip;]<\/p>","protected":false},"author":8,"featured_media":0,"comment_status":"open","ping_status":"open","sticky":false,"template":"","format":"standard","meta":{"_crdt_document":"","ngg_post_thumbnail":0,"_jetpack_memberships_contains_paid_content":false,"footnotes":""},"categories":[1],"tags":[],"class_list":["post-27126","post","type-post","status-publish","format-standard","hentry","category-allgemein","entity-eu","entity-euregio","entity-svp","language-deutsch","medium-orf","medium-taz","person-arno-kompatscher","topic-grenzen","topic-medien","topic-migraziun"],"jetpack_featured_media_url":"","jetpack_sharing_enabled":true,"_links":{"self":[{"href":"https:\/\/www.brennerbasisdemokratie.eu\/index.php?rest_route=\/wp\/v2\/posts\/27126","targetHints":{"allow":["GET"]}}],"collection":[{"href":"https:\/\/www.brennerbasisdemokratie.eu\/index.php?rest_route=\/wp\/v2\/posts"}],"about":[{"href":"https:\/\/www.brennerbasisdemokratie.eu\/index.php?rest_route=\/wp\/v2\/types\/post"}],"author":[{"embeddable":true,"href":"https:\/\/www.brennerbasisdemokratie.eu\/index.php?rest_route=\/wp\/v2\/users\/8"}],"replies":[{"embeddable":true,"href":"https:\/\/www.brennerbasisdemokratie.eu\/index.php?rest_route=%2Fwp%2Fv2%2Fcomments&post=27126"}],"version-history":[{"count":9,"href":"https:\/\/www.brennerbasisdemokratie.eu\/index.php?rest_route=\/wp\/v2\/posts\/27126\/revisions"}],"predecessor-version":[{"id":60451,"href":"https:\/\/www.brennerbasisdemokratie.eu\/index.php?rest_route=\/wp\/v2\/posts\/27126\/revisions\/60451"}],"wp:attachment":[{"href":"https:\/\/www.brennerbasisdemokratie.eu\/index.php?rest_route=%2Fwp%2Fv2%2Fmedia&parent=27126"}],"wp:term":[{"taxonomy":"category","embeddable":true,"href":"https:\/\/www.brennerbasisdemokratie.eu\/index.php?rest_route=%2Fwp%2Fv2%2Fcategories&post=27126"},{"taxonomy":"post_tag","embeddable":true,"href":"https:\/\/www.brennerbasisdemokratie.eu\/index.php?rest_route=%2Fwp%2Fv2%2Ftags&post=27126"}],"curies":[{"name":"wp","href":"https:\/\/api.w.org\/{rel}","templated":true}]}}