{"id":27135,"date":"2016-02-24T20:41:49","date_gmt":"2016-02-24T19:41:49","guid":{"rendered":"http:\/\/www.brennerbasisdemokratie.eu\/?p=27135"},"modified":"2019-04-30T15:30:03","modified_gmt":"2019-04-30T13:30:03","slug":"27135","status":"publish","type":"post","link":"https:\/\/www.brennerbasisdemokratie.eu\/?p=27135","title":{"rendered":"Wie die Faust aufs rechte Auge."},"content":{"rendered":"<p>Der Postfaschist Giorgio Holzmann hat angek\u00fcndigt, f\u00fcr ein B\u00fcndnis mehrerer<a title=\"Wo bitte ist da die Mitte?\" href=\"http:\/\/www.brennerbasisdemokratie.eu\/?p=17100\"> &#8220;Mitte-rechts-Parteien&#8221;<\/a> unter dem Namen <a href=\"https:\/\/www.facebook.com\/Alleanza-per-Bolzano-433299526876511\/?fref=ts\">&#8220;Alleanza per Bolzano&#8221;<\/a> als B\u00fcrgermeisterkandidat ins Rennen zu gehen.<\/p>\n<p>Ich erspare mir jetzt jegliche politische Bewertung dieses Schrittes. Vielmehr m\u00f6chte ich in diesem Zusammenhang auf ein Ph\u00e4nomen hinweisen, das mir schon seit geraumer Zeit immer wieder &#8211; im wahrsten Sinne des Wortes &#8211; ins Auge sticht.<\/p>\n<p>Auf der offiziellen Facebook-Seite des B\u00fcndnisses wird Holzmanns Kandidatur mit den folgenden beiden Sujets angek\u00fcndigt.<\/p>\n<p><a href=\"http:\/\/www.brennerbasisdemokratie.eu\/wp-content\/uploads\/2016\/02\/alleanza-plakat1.jpg\" rel=\"attachment wp-att-27159\"><img loading=\"lazy\" decoding=\"async\" class=\"alignnone size-full wp-image-27160\" src=\"http:\/\/www.brennerbasisdemokratie.eu\/wp-content\/uploads\/2016\/02\/alleanza-plakat2.jpg\" alt=\"alleanza plakat2\" width=\"600\" height=\"338\" \/><\/a><\/p>\n<p><a href=\"http:\/\/www.brennerbasisdemokratie.eu\/wp-content\/uploads\/2016\/02\/alleanza-plakat1.jpg\" rel=\"attachment wp-att-27159\"><img loading=\"lazy\" decoding=\"async\" class=\"alignnone size-full wp-image-27159\" src=\"http:\/\/www.brennerbasisdemokratie.eu\/wp-content\/uploads\/2016\/02\/alleanza-plakat1.jpg\" alt=\"alleanza plakat1\" width=\"600\" height=\"338\" \/><\/a><\/p>\n<p>Es mag zwar in der Politik Wichtigeres als das \u00e4u\u00dfere Erscheinungsbild geben, aber Politik ist nun einmal zu einem nicht unwesentlichen Teil auch Kommunikation.<\/p>\n<p>Was sagt es dann \u00fcber eine politische Bewegung aus, wenn sie &#8211; was Computer- und Kommunikationstechnik betrifft &#8211; auf dem Niveau einer Word-Art-\u00dcbung eines Mittelsch\u00fclers aus den 1990er-Jahren stecken geblieben ist?<\/p>\n<p>Wie will man glaubhaft eine moderne und zukunftsorientierte Politik vertreten, wenn man freiz\u00fcgig zur Schau stellt, dass der technische Fortschritt der vergangenen 25 Jahre komplett spurlos an einem vorbei gegangen ist?<\/p>\n<p>Wie sorgf\u00e4ltig und professionell arbeitet jemand, der sich derart dilettantisch pr\u00e4sentiert, in all den anderen Bereichen, in denen es wirklich drauf ankommt?<\/p>\n<p>Holzmann ist in dieser Hinsicht kein Einzelfall. Bei nahezu jeder Wahl \u00fcbertreffen sich vor allem die italienischen (Rechts)parteien mit grafischen Schmankerln der Kategorie &#8220;Augenkrebs&#8221;: von Unitalias Photoshop-Kunstwerken und Font-Vergewaltigungen bis Biancofiores himmelblauem Farben-Nightmare.<\/p>\n<p><a href=\"http:\/\/www.brennerbasisdemokratie.eu\/wp-content\/uploads\/2016\/02\/unitalia-plakat1.jpg\" rel=\"attachment wp-att-27164\"><img loading=\"lazy\" decoding=\"async\" class=\"alignnone size-full wp-image-27164\" src=\"http:\/\/www.brennerbasisdemokratie.eu\/wp-content\/uploads\/2016\/02\/unitalia-plakat1.jpg\" alt=\"unitalia plakat1\" width=\"600\" height=\"300\" \/><\/a><\/p>\n<p><a href=\"http:\/\/www.brennerbasisdemokratie.eu\/wp-content\/uploads\/2016\/02\/unitalia-plakat2.jpg\" rel=\"attachment wp-att-27165\"><img loading=\"lazy\" decoding=\"async\" class=\"alignnone size-full wp-image-27165\" src=\"http:\/\/www.brennerbasisdemokratie.eu\/wp-content\/uploads\/2016\/02\/unitalia-plakat2.jpg\" alt=\"unitalia plakat2\" width=\"450\" height=\"450\" \/><\/a><\/p>\n<p><a href=\"http:\/\/www.brennerbasisdemokratie.eu\/wp-content\/uploads\/2016\/02\/forza-italia-1.jpg\" rel=\"attachment wp-att-27161\"><img loading=\"lazy\" decoding=\"async\" class=\"alignnone size-full wp-image-27161\" src=\"http:\/\/www.brennerbasisdemokratie.eu\/wp-content\/uploads\/2016\/02\/forza-italia-1.jpg\" alt=\"forza italia 1\" width=\"450\" height=\"600\" \/><\/a><\/p>\n<p>Wie sehr Form und Inhalt bei den sich oft urban-modern gebenden italienischen Parteien auseinanderklaffen, belegt nicht zuletzt ein Vergleich mit den &#8220;l\u00e4ndlich-traditionellen&#8221; Kr\u00e4ften S\u00fcdtirols. Deren \u00e4u\u00dferes Erscheinungsbild ist im Gegensatz dazu n\u00e4mlich bereits im 21. Jahrhundert angekommen, denn sie bedienen sich einer einigerma\u00dfen zeitgem\u00e4\u00dfen Bild- und Formensprache &#8211; wie ein Blick auf <a href=\"http:\/\/iatz.org\/\">iatz.org<\/a> oder diverse Plakataktionen der S\u00fcd-Tiroler Freiheit zeigen (den Inhalt der Botschaften einmal v\u00f6llig au\u00dfer Acht gelassen). Wobei es freilich hilfreich ist, dass der Landessch\u00fctzenkommandant selbst mit einer <a href=\"http:\/\/www.effekt.it\/\">eigenen Agentur<\/a> in der Werbebranche t\u00e4tig ist. Dennoch, der Unterschied ist eklatant.<\/p>\n<p><a href=\"http:\/\/www.brennerbasisdemokratie.eu\/wp-content\/uploads\/2016\/02\/iatz-1.jpg\" rel=\"attachment wp-att-27162\"><img loading=\"lazy\" decoding=\"async\" class=\"alignnone size-full wp-image-27162\" src=\"http:\/\/www.brennerbasisdemokratie.eu\/wp-content\/uploads\/2016\/02\/iatz-1.jpg\" alt=\"iatz-Plakat-RZ-680x980mm-2012-03-21.indd\" width=\"450\" height=\"648\" \/><\/a><\/p>\n<p><a href=\"http:\/\/www.brennerbasisdemokratie.eu\/wp-content\/uploads\/2016\/02\/stf-1.jpg\" rel=\"attachment wp-att-27163\"><img loading=\"lazy\" decoding=\"async\" class=\"alignnone size-full wp-image-27163\" src=\"http:\/\/www.brennerbasisdemokratie.eu\/wp-content\/uploads\/2016\/02\/stf-1.jpg\" alt=\"stf 1\" width=\"450\" height=\"649\" \/><\/a><\/p>\n<p>Ein \u00e4hnliches Bild zeigt sich bei Pressekonferenzen. W\u00e4hrend die Settings bei PDL &amp; Co. einer Mischung aus selbstgebasteltem Limonadenstand, ambitioniertem Kinderflohmarkt und Informationsdesk des Pusterer Selbsthilfekreises sehgest\u00f6rter Feinmechaniker gleichen, sieht das Ganze auf Seiten der meisten &#8220;deutschen&#8221; Parteien doch einigerma\u00dfen seri\u00f6s und stimmig aus.<\/p>\n<p><a href=\"http:\/\/www.brennerbasisdemokratie.eu\/wp-content\/uploads\/2016\/02\/fratelli.jpg\" rel=\"attachment wp-att-27170\"><img loading=\"lazy\" decoding=\"async\" class=\"alignnone size-full wp-image-27170\" src=\"http:\/\/www.brennerbasisdemokratie.eu\/wp-content\/uploads\/2016\/02\/fratelli.jpg\" alt=\"fratelli\" width=\"600\" height=\"423\" \/><\/a><\/p>\n<p><a href=\"http:\/\/www.brennerbasisdemokratie.eu\/wp-content\/uploads\/2016\/02\/holzmann.png\" rel=\"attachment wp-att-27171\"><img loading=\"lazy\" decoding=\"async\" class=\"alignnone size-full wp-image-27171\" src=\"http:\/\/www.brennerbasisdemokratie.eu\/wp-content\/uploads\/2016\/02\/holzmann.png\" alt=\"holzmann\" width=\"600\" height=\"313\" \/><\/a><\/p>\n<p><a href=\"http:\/\/www.brennerbasisdemokratie.eu\/wp-content\/uploads\/2016\/02\/la-destra.jpg\" rel=\"attachment wp-att-27172\"><img loading=\"lazy\" decoding=\"async\" class=\"alignnone size-full wp-image-27172\" src=\"http:\/\/www.brennerbasisdemokratie.eu\/wp-content\/uploads\/2016\/02\/la-destra.jpg\" alt=\"la destra\" width=\"600\" height=\"381\" \/><\/a><\/p>\n<p><a href=\"http:\/\/www.brennerbasisdemokratie.eu\/wp-content\/uploads\/2016\/02\/SVP-Politischer-Jahresauftakt.jpg\" rel=\"attachment wp-att-27173\"><img loading=\"lazy\" decoding=\"async\" class=\"alignnone size-full wp-image-27173\" src=\"http:\/\/www.brennerbasisdemokratie.eu\/wp-content\/uploads\/2016\/02\/SVP-Politischer-Jahresauftakt.jpg\" alt=\"SVP-Politischer-Jahresauftakt\" width=\"600\" height=\"336\" \/><\/a><\/p>\n<p><a href=\"http:\/\/www.brennerbasisdemokratie.eu\/wp-content\/uploads\/2016\/02\/SVP.jpg\" rel=\"attachment wp-att-27175\"><img loading=\"lazy\" decoding=\"async\" class=\"size-full wp-image-27175\" src=\"http:\/\/www.brennerbasisdemokratie.eu\/wp-content\/uploads\/2016\/02\/SVP.jpg\" alt=\"20150316-DA-PK SVP\" width=\"600\" height=\"306\" \/><\/a><\/p>\n<p><a href=\"http:\/\/www.brennerbasisdemokratie.eu\/wp-content\/uploads\/2016\/02\/stf-pk.jpg\" rel=\"attachment wp-att-27176\"><img loading=\"lazy\" decoding=\"async\" class=\"alignnone size-full wp-image-27176\" src=\"http:\/\/www.brennerbasisdemokratie.eu\/wp-content\/uploads\/2016\/02\/stf-pk.jpg\" alt=\"stf pk\" width=\"600\" height=\"319\" \/><\/a><\/p>\n<p>Zumindest was die Internetpr\u00e4senzen der italienischen Rechtsparteien betrifft (sofern sie \u00fcber einen solchen verf\u00fcgen) hat sich in j\u00fcngster Zeit ein bisschen etwas getan, da die meisten mittlerweile von selbstgebauten &#8220;Benvenuti nel nostro nuovo sito&#8221;-Auftritten im Stile der 1990er-Jahre auf g\u00e4ngige Blog-Templates umgestiegen sind.<\/p>","protected":false},"excerpt":{"rendered":"<p>Der Postfaschist Giorgio Holzmann hat angek\u00fcndigt, f\u00fcr ein B\u00fcndnis mehrerer &#8220;Mitte-rechts-Parteien&#8221; unter dem Namen &#8220;Alleanza per Bolzano&#8221; als B\u00fcrgermeisterkandidat ins Rennen zu gehen. Ich erspare mir jetzt jegliche politische Bewertung dieses Schrittes. Vielmehr m\u00f6chte ich in diesem Zusammenhang auf ein Ph\u00e4nomen hinweisen, das mir schon seit geraumer Zeit immer wieder &#8211; im wahrsten Sinne des [&hellip;]<\/p>","protected":false},"author":8,"featured_media":0,"comment_status":"open","ping_status":"open","sticky":false,"template":"","format":"standard","meta":{"_crdt_document":"","ngg_post_thumbnail":0,"_jetpack_memberships_contains_paid_content":false,"footnotes":""},"categories":[1],"tags":[],"class_list":["post-27135","post","type-post","status-publish","format-standard","hentry","category-allgemein","entity-pdl","entity-stf","entity-svp","location-sudtirolo","language-deutsch","person-giorgio-holzmann","person-michaela-biancofiore","topic-comparatio","topic-faschismen","topic-feuilleton","topic-tech_com"],"jetpack_featured_media_url":"","jetpack_sharing_enabled":true,"_links":{"self":[{"href":"https:\/\/www.brennerbasisdemokratie.eu\/index.php?rest_route=\/wp\/v2\/posts\/27135","targetHints":{"allow":["GET"]}}],"collection":[{"href":"https:\/\/www.brennerbasisdemokratie.eu\/index.php?rest_route=\/wp\/v2\/posts"}],"about":[{"href":"https:\/\/www.brennerbasisdemokratie.eu\/index.php?rest_route=\/wp\/v2\/types\/post"}],"author":[{"embeddable":true,"href":"https:\/\/www.brennerbasisdemokratie.eu\/index.php?rest_route=\/wp\/v2\/users\/8"}],"replies":[{"embeddable":true,"href":"https:\/\/www.brennerbasisdemokratie.eu\/index.php?rest_route=%2Fwp%2Fv2%2Fcomments&post=27135"}],"version-history":[{"count":20,"href":"https:\/\/www.brennerbasisdemokratie.eu\/index.php?rest_route=\/wp\/v2\/posts\/27135\/revisions"}],"predecessor-version":[{"id":27184,"href":"https:\/\/www.brennerbasisdemokratie.eu\/index.php?rest_route=\/wp\/v2\/posts\/27135\/revisions\/27184"}],"wp:attachment":[{"href":"https:\/\/www.brennerbasisdemokratie.eu\/index.php?rest_route=%2Fwp%2Fv2%2Fmedia&parent=27135"}],"wp:term":[{"taxonomy":"category","embeddable":true,"href":"https:\/\/www.brennerbasisdemokratie.eu\/index.php?rest_route=%2Fwp%2Fv2%2Fcategories&post=27135"},{"taxonomy":"post_tag","embeddable":true,"href":"https:\/\/www.brennerbasisdemokratie.eu\/index.php?rest_route=%2Fwp%2Fv2%2Ftags&post=27135"}],"curies":[{"name":"wp","href":"https:\/\/api.w.org\/{rel}","templated":true}]}}