{"id":27195,"date":"2016-02-25T23:11:15","date_gmt":"2016-02-25T22:11:15","guid":{"rendered":"http:\/\/www.brennerbasisdemokratie.eu\/?p=27195"},"modified":"2020-11-01T20:36:07","modified_gmt":"2020-11-01T19:36:07","slug":"berbersprache-nun-auch-in-algerien-offiziell","status":"publish","type":"post","link":"https:\/\/www.brennerbasisdemokratie.eu\/?p=27195","title":{"rendered":"Berbersprache nun auch in Algerien offiziell."},"content":{"rendered":"<p>Nach Marokko hat nun auch Algerien das Berberische zur offiziellen Amtssprache erkl\u00e4rt. Vor der islamisch\/arabischen Expansion, die im 7. Jh. begann, gab es in Nordafrika ein berberisches Dialektkontinuum. Heute vermutet man, dass noch etwa 40 Millionen Menschen in Nordafrika Berberdialekte sprechen. Die regionalen Varianten der Berbersprachen in Marokko und Algerien werden unter dem Sammelbegriff <em>Tamazight<\/em> bezeichnet. In Marokko sch\u00e4tzt man die Sprecher auf 12 bis 15 Millionen in Algerien auf 6 bis 13 Millionen.<\/p>\n<p>Die Ureinwohner Marokkos und Algeriens erhalten damit erstmals kulturelle und sprachliche Rechte. W\u00e4hrend der franz\u00f6sischen Kolonialzeit wurde das Berberische zur\u00fcckgedr\u00e4ngt und in der Phase des algerischen Unabh\u00e4ngigkeitskampfes gab man sich eine arabisch-islamische Identit\u00e4t, die keinen Raum f\u00fcr andere Sprachen, Religionen oder Kulturen lie\u00df. Engagement zugunsten des Berberischen wurde gar als Neokolonialismus bek\u00e4mpft.<br \/>\nErst mit dem Beschluss des algerischen Parlamentes Anfang Februar 2016 kann nun neben Marokko auch in Algerien <em>Tamazight<\/em> in offiziellen Dokumenten verwendet werden, wie auch als Schulsprache und in staatlichen Radio- und Fernsehsendern.<\/p>\n<p>Tamazight ist somit in Algerien oder Marokko rechtlich bessergestellt als etwa das Sardische auf Sardinien, das lediglich als Minderheitensprache anerkannt ist, aber nicht den Status einer offiziellen Amtsprache hat.<\/p>","protected":false},"excerpt":{"rendered":"<p>Nach Marokko hat nun auch Algerien das Berberische zur offiziellen Amtssprache erkl\u00e4rt. Vor der islamisch\/arabischen Expansion, die im 7. Jh. begann, gab es in Nordafrika ein berberisches Dialektkontinuum. Heute vermutet man, dass noch etwa 40 Millionen Menschen in Nordafrika Berberdialekte sprechen. Die regionalen Varianten der Berbersprachen in Marokko und Algerien werden unter dem Sammelbegriff Tamazight [&hellip;]<\/p>","protected":false},"author":9,"featured_media":0,"comment_status":"open","ping_status":"open","sticky":false,"template":"","format":"standard","meta":{"_crdt_document":"","ngg_post_thumbnail":0,"_jetpack_memberships_contains_paid_content":false,"footnotes":""},"categories":[1],"tags":[],"class_list":["post-27195","post","type-post","status-publish","format-standard","hentry","category-allgemein","issue-good-news","location-afrika","location-sardigna","language-deutsch","topic-colonialismi","topic-grundrechte","topic-minderheitenschutz","topic-plurilinguism","topic-religiun","topic-scola"],"jetpack_featured_media_url":"","jetpack_sharing_enabled":true,"_links":{"self":[{"href":"https:\/\/www.brennerbasisdemokratie.eu\/index.php?rest_route=\/wp\/v2\/posts\/27195","targetHints":{"allow":["GET"]}}],"collection":[{"href":"https:\/\/www.brennerbasisdemokratie.eu\/index.php?rest_route=\/wp\/v2\/posts"}],"about":[{"href":"https:\/\/www.brennerbasisdemokratie.eu\/index.php?rest_route=\/wp\/v2\/types\/post"}],"author":[{"embeddable":true,"href":"https:\/\/www.brennerbasisdemokratie.eu\/index.php?rest_route=\/wp\/v2\/users\/9"}],"replies":[{"embeddable":true,"href":"https:\/\/www.brennerbasisdemokratie.eu\/index.php?rest_route=%2Fwp%2Fv2%2Fcomments&post=27195"}],"version-history":[{"count":4,"href":"https:\/\/www.brennerbasisdemokratie.eu\/index.php?rest_route=\/wp\/v2\/posts\/27195\/revisions"}],"predecessor-version":[{"id":27213,"href":"https:\/\/www.brennerbasisdemokratie.eu\/index.php?rest_route=\/wp\/v2\/posts\/27195\/revisions\/27213"}],"wp:attachment":[{"href":"https:\/\/www.brennerbasisdemokratie.eu\/index.php?rest_route=%2Fwp%2Fv2%2Fmedia&parent=27195"}],"wp:term":[{"taxonomy":"category","embeddable":true,"href":"https:\/\/www.brennerbasisdemokratie.eu\/index.php?rest_route=%2Fwp%2Fv2%2Fcategories&post=27195"},{"taxonomy":"post_tag","embeddable":true,"href":"https:\/\/www.brennerbasisdemokratie.eu\/index.php?rest_route=%2Fwp%2Fv2%2Ftags&post=27195"}],"curies":[{"name":"wp","href":"https:\/\/api.w.org\/{rel}","templated":true}]}}