{"id":27702,"date":"2016-03-23T19:33:04","date_gmt":"2016-03-23T18:33:04","guid":{"rendered":"http:\/\/www.brennerbasisdemokratie.eu\/?p=27702"},"modified":"2021-10-11T17:06:55","modified_gmt":"2021-10-11T15:06:55","slug":"der-euregiofamilypass-ist-startklar","status":"publish","type":"post","link":"https:\/\/www.brennerbasisdemokratie.eu\/?p=27702","title":{"rendered":"Der EuregioFamilyPass ist startklar."},"content":{"rendered":"<p>Die S\u00fcdtiroler Landesregierung hat in ihrer gestrigen Sitzung den <em>EuregioFamilyPass (EFP)<\/em> aus der Taufe gehoben, dessen gesetzliche Grundlage bereits mit dem Landesfamiliengesetz von 2013 geschaffen worden war.<\/p>\n<blockquote><p><img loading=\"lazy\" decoding=\"async\" class=\"alignnone size-full wp-image-27703\" src=\"http:\/\/www.brennerbasisdemokratie.eu\/wp-content\/uploads\/2016\/03\/euregiofamilypass.jpg\" alt=\"Specimen EuregioFamilyPass.\" width=\"800\" height=\"519\" srcset=\"https:\/\/www.brennerbasisdemokratie.eu\/wp-content\/uploads\/2016\/03\/euregiofamilypass.jpg 800w, https:\/\/www.brennerbasisdemokratie.eu\/wp-content\/uploads\/2016\/03\/euregiofamilypass-768x498.jpg 768w\" sizes=\"auto, (max-width: 800px) 100vw, 800px\" \/><\/p><\/blockquote>\n<p>Die neue Vorteilskarte f\u00fcr Familien wird den <em>S\u00fcdtirolPass Family<\/em> ersetzen und wie dieser eine kosteng\u00fcnstige Nutzung des \u00f6ffentlichen Nahverkehrs erm\u00f6glichen. Dar\u00fcberhinaus soll der EFP auf dem gesamten Gebiet der Europaregion Tirol weitere Verg\u00fcnstigungen bei privaten und \u00f6ffentlichen Einrichtungen bereithalten. Damit werden die Inhaber der Karte dazu ermutigt, den euroregionalen Raum grenz\u00fcberschreitend zu erleben.<\/p>\n<blockquote><p>Der EuregioFamilyPass hat zum Ziel, die S\u00fcdtiroler Familien finanziell zu entlasten, aber auch Grenzen \u00fcberwindend die Teilhabe am gesellschaftlichen und kulturellen Leben zu f\u00f6rdern.<\/p>\n<p><em>\u2014 LH Arno Kompatscher (<abbr title=\"S\u00fcdtiroler Volkspartei\">SVP<\/abbr>)<br \/>\n<\/em><\/p><\/blockquote>\n<p>Damit ist der neue Familienpass eine der noch viel zu wenigen Ma\u00dfnahmen, die die Europaregion f\u00fcr B\u00fcrgerinnen und B\u00fcrger sp\u00fcrbar machen. Etwas erstaunlich ist allerdings, dass es sich bei der Einf\u00fchrung zumindest bislang um einen S\u00fcdtiroler Alleingang zu handeln scheint.<\/p>\n<p>Den EFP k\u00f6nnen alle S\u00fcdtiroler Familien mit minderj\u00e4hrigen Kindern unabh\u00e4ngig von ihrem Einkommen beziehen.<\/p>\n<p><strong><span style=\"font-family: Helvetica, Arial, sans-serif; text-transform: uppercase;\">C\u00ebla enghe:<\/span><\/strong> <a title=\"Euregio-Z\u00fcge.\" href=\"http:\/\/www.brennerbasisdemokratie.eu\/?p=20445\"><code>01<\/code><\/a> <a title=\"Die sp\u00fcrbare Euregio.\" href=\"http:\/\/www.brennerbasisdemokratie.eu\/?p=12463\"><code>02<\/code><\/a> <a title=\"S\u00fcdtirols Nachbarn laut SMG.\" href=\"http:\/\/www.brennerbasisdemokratie.eu\/?p=23122\"><code>03<\/code><\/a> <a title=\"Wipptaler Milch wird dort verarbeitet.\" href=\"http:\/\/www.brennerbasisdemokratie.eu\/?p=18662\"><code>04<\/code><\/a> <a title=\"Tiroler wollen mehr Zusammenarbeit.\" href=\"http:\/\/www.brennerbasisdemokratie.eu\/?p=19909\"><code>05<\/code><\/a> <a title=\"Grenzillusionen.\" href=\"https:\/\/www.brennerbasisdemokratie.eu\/?p=27692\"><code>06<\/code><\/a> <a title=\"Bahn: Stark sp\u00fcrbare Staatsgrenze.\" href=\"https:\/\/www.brennerbasisdemokratie.eu\/?p=58634\"><span style=\"color: #ff8c00\"><code>07<\/code><\/span><\/a><\/p>","protected":false},"excerpt":{"rendered":"<p>Die S\u00fcdtiroler Landesregierung hat in ihrer gestrigen Sitzung den EuregioFamilyPass (EFP) aus der Taufe gehoben, dessen gesetzliche Grundlage bereits mit dem Landesfamiliengesetz von 2013 geschaffen worden war. Die neue Vorteilskarte f\u00fcr Familien wird den S\u00fcdtirolPass Family ersetzen und wie dieser eine kosteng\u00fcnstige Nutzung des \u00f6ffentlichen Nahverkehrs erm\u00f6glichen. Dar\u00fcberhinaus soll der EFP auf dem gesamten Gebiet [&hellip;]<\/p>","protected":false},"author":1,"featured_media":0,"comment_status":"open","ping_status":"open","sticky":false,"template":"","format":"standard","meta":{"_crdt_document":"","ngg_post_thumbnail":0,"_jetpack_memberships_contains_paid_content":false,"footnotes":""},"categories":[1],"tags":[],"class_list":["post-27702","post","type-post","status-publish","format-standard","hentry","category-allgemein","entity-euregio","entity-landesregierung","entity-svp","issue-good-news","issue-zitac","location-nord-osttirol","location-sudtirolo","location-trentino","language-deutsch","person-arno-kompatscher","topic-kunstcultura","topic-mobilitaet","topic-politik","topic-soziales"],"jetpack_featured_media_url":"","jetpack_sharing_enabled":true,"_links":{"self":[{"href":"https:\/\/www.brennerbasisdemokratie.eu\/index.php?rest_route=\/wp\/v2\/posts\/27702","targetHints":{"allow":["GET"]}}],"collection":[{"href":"https:\/\/www.brennerbasisdemokratie.eu\/index.php?rest_route=\/wp\/v2\/posts"}],"about":[{"href":"https:\/\/www.brennerbasisdemokratie.eu\/index.php?rest_route=\/wp\/v2\/types\/post"}],"author":[{"embeddable":true,"href":"https:\/\/www.brennerbasisdemokratie.eu\/index.php?rest_route=\/wp\/v2\/users\/1"}],"replies":[{"embeddable":true,"href":"https:\/\/www.brennerbasisdemokratie.eu\/index.php?rest_route=%2Fwp%2Fv2%2Fcomments&post=27702"}],"version-history":[{"count":6,"href":"https:\/\/www.brennerbasisdemokratie.eu\/index.php?rest_route=\/wp\/v2\/posts\/27702\/revisions"}],"predecessor-version":[{"id":68294,"href":"https:\/\/www.brennerbasisdemokratie.eu\/index.php?rest_route=\/wp\/v2\/posts\/27702\/revisions\/68294"}],"wp:attachment":[{"href":"https:\/\/www.brennerbasisdemokratie.eu\/index.php?rest_route=%2Fwp%2Fv2%2Fmedia&parent=27702"}],"wp:term":[{"taxonomy":"category","embeddable":true,"href":"https:\/\/www.brennerbasisdemokratie.eu\/index.php?rest_route=%2Fwp%2Fv2%2Fcategories&post=27702"},{"taxonomy":"post_tag","embeddable":true,"href":"https:\/\/www.brennerbasisdemokratie.eu\/index.php?rest_route=%2Fwp%2Fv2%2Ftags&post=27702"}],"curies":[{"name":"wp","href":"https:\/\/api.w.org\/{rel}","templated":true}]}}