{"id":27706,"date":"2016-03-24T09:42:12","date_gmt":"2016-03-24T08:42:12","guid":{"rendered":"http:\/\/www.brennerbasisdemokratie.eu\/?p=27706"},"modified":"2021-06-15T20:13:14","modified_gmt":"2021-06-15T18:13:14","slug":"autonomiekonvent-holpriger-start","status":"publish","type":"post","link":"https:\/\/www.brennerbasisdemokratie.eu\/?p=27706","title":{"rendered":"S\u00fcdtirolkonvent \u2014 holpriger Start."},"content":{"rendered":"<p>Zu meiner Freude wurde ich in das <em>Forum der 100<\/em> des S\u00fcdtirolkonvents gew\u00e4hlt, f\u00fcr mich eine ehrenvolle Aufgabe, die ich mit Engagement \u00fcbernehmen m\u00f6chte. Nachdem die 100 Mitglieder ausgelost wurden, habe ich eine Mail erhalten, wie ich die Wahl annehmen kann und zeitgleich kann ich mich auch f\u00fcr die Wahl der acht Mitglieder des <em>Konvent der 33<\/em> bewerben. Da ich bisher politisch nicht aktiv war, \u00fcberlege ich, mich der Wahl zu stellen. F\u00fcr mich w\u00e4re es hierzu aber wichtig zu wissen, wie der Wahlmodus abl\u00e4uft; dazu habe ich vor einer Woche eine Mail an das Sekretariat des Konvents geschrieben und bis heute keine Antwort erhalten. Heute habe ich versucht, das Sekratariat anzurufen, allerdings wurde bei zwei Versuchen das Telefon nicht mal abgehoben. Langsam aber sicher fange ich mich zu \u00e4rgern an, da dieses Verhalten in einer Reihe von Kommunikationsproblemen im Zusammenhang mit meiner Bewerbung steht:<\/p>\n<ul>\n<li>Schon bei der Bewerbung zum <em>Forum der 100<\/em> wurde keine Best\u00e4tigungsemail zugesandt. Man konnte folglich nicht sicher sein, dass die Bewerbung eingelangt ist.<\/li>\n<li>In der Mail, welche ich als Ausgeloster erhalten habe, wurden alle Email-Adressen im Klartext mitverschickt. Folglich auch von Bewerbern, die vielleicht die Wahl gar nicht annehmen. Zudem wurden die Anh\u00e4nge als Word-Dateien mitgesandt.<\/li>\n<li>Die Mail, welche ich zur Best\u00e4tigung der Annahme als Mitglied des <em>Forum der 100<\/em> verschickt habe, enthielt die Bitte, eine Best\u00e4tigung der erfolgten Bewerbung zur\u00fcckzuschicken. Dies passierte erst, nachdem ich mittels einer zweiten Mail nachgefragt habe.<\/li>\n<li>Nun scheint es unm\u00f6glich zu sein, den Wahlmodus der acht Mitglieder ausfindig zu machen. Dies ist nicht unwesentlich, da sich im Vorfeld sicherlich einige Gruppierungen organisieren werden. Wer Zugang zu den Informationen \u00fcber den Wahlmodus hat, ist im Vorteil.<\/li>\n<li>Kritisch sehe ich zudem, dass bereits bei der ersten Veranstaltung ( am 2. April) des <em>Forums der 100<\/em> die acht Mitglieder des Konvents der 33 gew\u00e4hlt werden; man hat kaum Gelegenheit, sich Kennen zu lernen.<\/li>\n<\/ul>\n<p>Soweit ich informiert bin, organisiert die <em>Eurac<\/em> den Konvent, ich h\u00e4tte mir da mehr Professionalit\u00e4t erwartet.<\/p>","protected":false},"excerpt":{"rendered":"<p>Zu meiner Freude wurde ich in das Forum der 100 des S\u00fcdtirolkonvents gew\u00e4hlt, f\u00fcr mich eine ehrenvolle Aufgabe, die ich mit Engagement \u00fcbernehmen m\u00f6chte. Nachdem die 100 Mitglieder ausgelost wurden, habe ich eine Mail erhalten, wie ich die Wahl annehmen kann und zeitgleich kann ich mich auch f\u00fcr die Wahl der acht Mitglieder des Konvent [&hellip;]<\/p>","protected":false},"author":11,"featured_media":0,"comment_status":"open","ping_status":"open","sticky":false,"template":"","format":"standard","meta":{"_crdt_document":"","ngg_post_thumbnail":0,"_jetpack_memberships_contains_paid_content":false,"footnotes":""},"categories":[1],"tags":[],"class_list":["post-27706","post","type-post","status-publish","format-standard","hentry","category-allgemein","issue-suedtirolkonvent","location-sudtirolo","language-deutsch","topic-engagement","topic-grundrechte","topic-mitbestimmung","topic-politik"],"jetpack_featured_media_url":"","jetpack_sharing_enabled":true,"_links":{"self":[{"href":"https:\/\/www.brennerbasisdemokratie.eu\/index.php?rest_route=\/wp\/v2\/posts\/27706","targetHints":{"allow":["GET"]}}],"collection":[{"href":"https:\/\/www.brennerbasisdemokratie.eu\/index.php?rest_route=\/wp\/v2\/posts"}],"about":[{"href":"https:\/\/www.brennerbasisdemokratie.eu\/index.php?rest_route=\/wp\/v2\/types\/post"}],"author":[{"embeddable":true,"href":"https:\/\/www.brennerbasisdemokratie.eu\/index.php?rest_route=\/wp\/v2\/users\/11"}],"replies":[{"embeddable":true,"href":"https:\/\/www.brennerbasisdemokratie.eu\/index.php?rest_route=%2Fwp%2Fv2%2Fcomments&post=27706"}],"version-history":[{"count":4,"href":"https:\/\/www.brennerbasisdemokratie.eu\/index.php?rest_route=\/wp\/v2\/posts\/27706\/revisions"}],"predecessor-version":[{"id":27727,"href":"https:\/\/www.brennerbasisdemokratie.eu\/index.php?rest_route=\/wp\/v2\/posts\/27706\/revisions\/27727"}],"wp:attachment":[{"href":"https:\/\/www.brennerbasisdemokratie.eu\/index.php?rest_route=%2Fwp%2Fv2%2Fmedia&parent=27706"}],"wp:term":[{"taxonomy":"category","embeddable":true,"href":"https:\/\/www.brennerbasisdemokratie.eu\/index.php?rest_route=%2Fwp%2Fv2%2Fcategories&post=27706"},{"taxonomy":"post_tag","embeddable":true,"href":"https:\/\/www.brennerbasisdemokratie.eu\/index.php?rest_route=%2Fwp%2Fv2%2Ftags&post=27706"}],"curies":[{"name":"wp","href":"https:\/\/api.w.org\/{rel}","templated":true}]}}