{"id":2772,"date":"2009-08-11T01:05:54","date_gmt":"2009-08-10T23:05:54","guid":{"rendered":"http:\/\/www.brennerbasisdemokratie.eu\/?p=2772"},"modified":"2022-01-19T11:02:54","modified_gmt":"2022-01-19T10:02:54","slug":"sprachliche-integration","status":"publish","type":"post","link":"https:\/\/www.brennerbasisdemokratie.eu\/?p=2772","title":{"rendered":"Sprachliche Integration."},"content":{"rendered":"<p>Am Sonntag ist die <em>Tagesschau<\/em> \u2014 mit m\u00e4\u00dfigem Erfolg \u2014 der Frage nachgegangen, warum in Bozen viele Bars von chinesischen Mitb\u00fcrgern \u00fcbernommen werden. Die Antwort darauf halte ich nicht wirklich f\u00fcr relevant; mich freut es, wenn Zuwanderer (auch, aber nicht nur) dort weitermachen, wo Einheimische nicht mehr m\u00f6gen. In diesem speziellen Fall bewahren sie die Landeshauptstadt vor einem weitgehenden Lokalsterben.<\/p>\n<p>Im erw\u00e4hnten Bericht wurde ein Chinese auf Deutsch befragt \u2014 und eher beil\u00e4ufig die (wohl \u00fcbertriebene) Bemerkung gemacht, es handle sich um den wahrscheinlich einzigen Chinesen in S\u00fcdtirol, der Deutsch spricht. Warum er die deutsche Sprache beherrscht: Seinen eigenen Angaben zufolge, weil er mehrere Jahre in Berlin gearbeitet hat! Der Chronist schien nicht verwundert, dass andere Chinesen \u2014 in S\u00fcdtirol selbst \u2014 angeblich nicht Deutsch lernen.<\/p>\n<p>Dabei sollten da bei wirklich <em>jedem<\/em> S\u00fcdtiroler die Alarmglocken schrillen. Wir scheinen weder aus der Erfahrung anderer L\u00e4nder, noch aus unserer eigenen Vergangenheit gelernt zu haben \u2014 als wir \u00fcber Jahrzehnte verabs\u00e4umt haben, die Integration zwischen den Sprachgruppen zu f\u00f6rdern. Aufgrund der Rahmenbedingungen und der heiklen Vorgeschichte war dies vielleicht nicht immer leicht. Doch im Sinne eines funktionierenden gesellschaftlichen Zusammenhalts und einer altruistischen Aufnahmekultur w\u00e4ren wir jetzt umso mehr verpflichtet, den neuen S\u00fcdtirolern die bestm\u00f6gliche sprachliche Integration anzubieten.<\/p>\n<p>Wir haben die einmalige Chance, die Zuwanderer zu einem Bindeglied zwischen den Sprachgruppen zu machen. Schaffen wir das nicht, tragen wir im Gegenteil dazu bei, die Gesellschaft weiter aufzusplittern, schlimmstenfalls weitere Parallelgesellschaften entstehen zu lassen und die Ausl\u00e4nder somit zu neuen, ahnungslosen Opfern eines geteilten Landes zu machen.<\/p>\n<p>Es liegt an der Politik, aber auch an jedem von uns \u2014 indem wir den Zuwanderern die Gelegenheit geben, alle drei Landessprachen zu sprechen.<\/p>","protected":false},"excerpt":{"rendered":"<p>Am Sonntag ist die Tagesschau \u2014 mit m\u00e4\u00dfigem Erfolg \u2014 der Frage nachgegangen, warum in Bozen viele Bars von chinesischen Mitb\u00fcrgern \u00fcbernommen werden. Die Antwort darauf halte ich nicht wirklich f\u00fcr relevant; mich freut es, wenn Zuwanderer (auch, aber nicht nur) dort weitermachen, wo Einheimische nicht mehr m\u00f6gen. In diesem speziellen Fall bewahren sie die [&hellip;]<\/p>","protected":false},"author":1,"featured_media":0,"comment_status":"open","ping_status":"open","sticky":false,"template":"","format":"standard","meta":{"_crdt_document":"","ngg_post_thumbnail":0,"_jetpack_memberships_contains_paid_content":false,"footnotes":""},"categories":[1],"tags":[],"class_list":["post-2772","post","type-post","status-publish","format-standard","hentry","category-allgemein","location-sudtirolo","language-deutsch","medium-rai","topic-kohasion","topic-migraziun","topic-minderheitenschutz","topic-plurilinguism","topic-politik"],"jetpack_featured_media_url":"","jetpack_sharing_enabled":true,"_links":{"self":[{"href":"https:\/\/www.brennerbasisdemokratie.eu\/index.php?rest_route=\/wp\/v2\/posts\/2772","targetHints":{"allow":["GET"]}}],"collection":[{"href":"https:\/\/www.brennerbasisdemokratie.eu\/index.php?rest_route=\/wp\/v2\/posts"}],"about":[{"href":"https:\/\/www.brennerbasisdemokratie.eu\/index.php?rest_route=\/wp\/v2\/types\/post"}],"author":[{"embeddable":true,"href":"https:\/\/www.brennerbasisdemokratie.eu\/index.php?rest_route=\/wp\/v2\/users\/1"}],"replies":[{"embeddable":true,"href":"https:\/\/www.brennerbasisdemokratie.eu\/index.php?rest_route=%2Fwp%2Fv2%2Fcomments&post=2772"}],"version-history":[{"count":14,"href":"https:\/\/www.brennerbasisdemokratie.eu\/index.php?rest_route=\/wp\/v2\/posts\/2772\/revisions"}],"predecessor-version":[{"id":28123,"href":"https:\/\/www.brennerbasisdemokratie.eu\/index.php?rest_route=\/wp\/v2\/posts\/2772\/revisions\/28123"}],"wp:attachment":[{"href":"https:\/\/www.brennerbasisdemokratie.eu\/index.php?rest_route=%2Fwp%2Fv2%2Fmedia&parent=2772"}],"wp:term":[{"taxonomy":"category","embeddable":true,"href":"https:\/\/www.brennerbasisdemokratie.eu\/index.php?rest_route=%2Fwp%2Fv2%2Fcategories&post=2772"},{"taxonomy":"post_tag","embeddable":true,"href":"https:\/\/www.brennerbasisdemokratie.eu\/index.php?rest_route=%2Fwp%2Fv2%2Ftags&post=2772"}],"curies":[{"name":"wp","href":"https:\/\/api.w.org\/{rel}","templated":true}]}}