{"id":28331,"date":"2016-04-02T15:40:11","date_gmt":"2016-04-02T13:40:11","guid":{"rendered":"http:\/\/www.brennerbasisdemokratie.eu\/?p=28331"},"modified":"2025-08-19T18:10:48","modified_gmt":"2025-08-19T16:10:48","slug":"moreno-cabrera-a-proposito-del-bilinguismo-forzato","status":"publish","type":"post","link":"https:\/\/www.brennerbasisdemokratie.eu\/?p=28331","title":{"rendered":"Moreno Cabrera a proposito di bilinguismo forzato."},"content":{"rendered":"<blockquote><p>Ho potuto constatare, nei miei studi di linguistica, che la linguistica attuale, perlomeno quella ufficiale o una parte di essa, \u00e8 totalmente imbevuta, terminologicamente e concettualmente, di suprematismo linguistico. Si parla di \u00ablingue globali\u00bb o di \u00ablingue internazionali\u00bb, invece di parlare di lingue imposte su molti livelli e in molti ambiti. Si parla di \u00abmorte\u00bb di una lingua \u2014 noi linguisti parliamo di \u00abmorte\u00bb di una lingua \u2014 quando dovremmo parlare di \u00ablinguicidio\u00bb, di \u00abassassinio\u00bb di lingue. Chiaro, la morte sembra essere una cosa naturale e invece l\u2019assassinio no \u2014 ma bisogna parlare di linguicidio nella maggior parte dei casi nei quali ci riferiamo alla \u00abmorte\u00bb di una lingua. E nel caso del bilinguismo\u2026 \u00e8 evidente che il bilinguismo \u00e8 una cosa positiva, per\u00f2 questi aspetti positivi del bilinguismo si utilizzano, nella linguistica ufficiale o in una parte di essa [\u2026] per rendere invisibile e minimizzare una serie di processi di bilinguizzazione forzata con la quale sono confrontate molte lingue del mondo e tra di esse quella catalana. Questi processi di bilinguizzazione forzata, che evidentemente \u2014 essendo forzata \u2014 implicano che questa forza la pu\u00f2 esercitare solo una comunit\u00e0 con un maggior potere rispetto alla comunit\u00e0 che si bilinguizza obbligatoriamente\u2026 come sappiamo perfettamente questa bilinguizzazione forzata pu\u00f2 comportare (e nei fatti comporta) un\u2019erosione progressiva della lingua dominata. In questo rapporto di forza, di dominazione linguistica, [essa] perde progressivamente le sue caratteristiche, si frammenta, \u00e8 resa meno vigorosa, sia nell&#8217;uso che nella sua struttura grammaticale.<\/p><\/blockquote>\n<p><small><em>Trascrizione e traduzione dal castigliano: <img class=\"bbdlogo\" src=\"https:\/\/www.brennerbasisdemokratie.eu\/wp-content\/uploads\/bbdsmileys\/bbde.png\"><\/em><\/small><\/p>\n<p>Juan Carlos Moreno Cabrera, spagnolo, \u00e8 professore di linguistica (plurilinguismo e lingue in contatto) presso l\u2019<em>Universidad Autonoma de Madrid.<\/em> Fra gli altri, ha scritto il libro <em>La dignidad e igualdad de las lenguas<\/em> (2000), nel quale critica la discriminazione delle minoranze linguistiche. La citazione \u00e8 estratta da un suo intervento fatto in data 31 marzo presso l\u2019<em>Universitat de Barcelona.<\/em><\/p>\n<p><strong><span style=\"font-family: Helvetica, Arial, sans-serif; text-transform: uppercase;\">C\u00ebla enghe:<\/span><\/strong> <a title=\"Suprematistische Zweisprachigkeit.\" href=\"http:\/\/www.brennerbasisdemokratie.eu\/?p=24695\"><code>01<\/code><\/a> <a title=\"\u00bbLadinisches\u00ab Schulmodell?\" href=\"http:\/\/www.brennerbasisdemokratie.eu\/?p=4088\"><code>02<\/code><\/a> <a title=\"Die SVP und die Fassadensprache.\" href=\"http:\/\/www.brennerbasisdemokratie.eu\/?p=13892\"><code>03<\/code><\/a> <a title=\"Mehrsprachige Schule und Nachhaltigkeit.\" href=\"http:\/\/www.brennerbasisdemokratie.eu\/?p=26770\"><code>04<\/code><\/a>&nbsp;<a title=\"Wichtigste Sprache: Italienisch.\" href=\"http:\/\/www.brennerbasisdemokratie.eu\/?p=25469\"><code>05<\/code><\/a> <span style=\"font-family: Helvetica, Arial, sans-serif; font-weight: normal;\">||<\/span> <a title=\"Immersion ist f\u00fcr Minderheiten nicht.\" href=\"https:\/\/www.brennerbasisdemokratie.eu\/?p=64168\"><span style=\"color: #ff8c00\"><code>01<\/code><\/span><\/a> <a title=\"Plurilinguismo autocentrato.\" href=\"https:\/\/www.brennerbasisdemokratie.eu\/?p=67077\"><span style=\"color: #ff8c00\"><code>02<\/code><\/span><\/a> <a title=\"Le bilinguisme du colonis\u00e9.\" href=\"https:\/\/www.brennerbasisdemokratie.eu\/?p=69924\"><span style=\"color: #ff8c00\"><code>03<\/code><\/span><\/a> <a title=\"Hegemoniale Zweisprachigkeit.\" href=\"https:\/\/www.brennerbasisdemokratie.eu\/?p=75013\"><span style=\"color: #ff8c00\"><code>04<\/code><\/span><\/a> <a title=\"A Bolzano nessuna necessit\u00e0 di parlare in tedesco.\" href=\"https:\/\/www.brennerbasisdemokratie.eu\/?p=77347\"><span style=\"color: #ff8c00\"><code>05<\/code><\/span><\/a> <a title=\"R\u00e4toromaninnen gegen die Assimilierung.\" href=\"https:\/\/www.brennerbasisdemokratie.eu\/?p=93765\"><span style=\"color: #ff8c00\"><code>06<\/code><\/span><\/a> <a title=\"Ng\u0169g\u0129 wa Thiong\u2019o und die Kolonien des Denkens.\" href=\"https:\/\/www.brennerbasisdemokratie.eu\/?p=94004\"><span style=\"color: #ff8c00\"><code>07<\/code><\/span><\/a><\/p>","protected":false},"excerpt":{"rendered":"<p>Ho potuto constatare, nei miei studi di linguistica, che la linguistica attuale, perlomeno quella ufficiale o una parte di essa, \u00e8 totalmente imbevuta, terminologicamente e concettualmente, di suprematismo linguistico. Si parla di \u00ablingue globali\u00bb o di \u00ablingue internazionali\u00bb, invece di parlare di lingue imposte su molti livelli e in molti ambiti. Si parla di \u00abmorte\u00bb [&hellip;]<\/p>","protected":false},"author":1,"featured_media":0,"comment_status":"open","ping_status":"open","sticky":false,"template":"","format":"standard","meta":{"_crdt_document":"","ngg_post_thumbnail":0,"_jetpack_memberships_contains_paid_content":false,"footnotes":""},"categories":[1],"tags":[],"class_list":["post-28331","post","type-post","status-publish","format-standard","hentry","category-allgemein","issue-zitac","location-catalunya","language-italiano","topic-discriminaziun","topic-minderheitenschutz","topic-nationalismus","topic-plurilinguism","topic-wissenschaft"],"jetpack_featured_media_url":"","jetpack_sharing_enabled":true,"_links":{"self":[{"href":"https:\/\/www.brennerbasisdemokratie.eu\/index.php?rest_route=\/wp\/v2\/posts\/28331","targetHints":{"allow":["GET"]}}],"collection":[{"href":"https:\/\/www.brennerbasisdemokratie.eu\/index.php?rest_route=\/wp\/v2\/posts"}],"about":[{"href":"https:\/\/www.brennerbasisdemokratie.eu\/index.php?rest_route=\/wp\/v2\/types\/post"}],"author":[{"embeddable":true,"href":"https:\/\/www.brennerbasisdemokratie.eu\/index.php?rest_route=\/wp\/v2\/users\/1"}],"replies":[{"embeddable":true,"href":"https:\/\/www.brennerbasisdemokratie.eu\/index.php?rest_route=%2Fwp%2Fv2%2Fcomments&post=28331"}],"version-history":[{"count":21,"href":"https:\/\/www.brennerbasisdemokratie.eu\/index.php?rest_route=\/wp\/v2\/posts\/28331\/revisions"}],"predecessor-version":[{"id":94013,"href":"https:\/\/www.brennerbasisdemokratie.eu\/index.php?rest_route=\/wp\/v2\/posts\/28331\/revisions\/94013"}],"wp:attachment":[{"href":"https:\/\/www.brennerbasisdemokratie.eu\/index.php?rest_route=%2Fwp%2Fv2%2Fmedia&parent=28331"}],"wp:term":[{"taxonomy":"category","embeddable":true,"href":"https:\/\/www.brennerbasisdemokratie.eu\/index.php?rest_route=%2Fwp%2Fv2%2Fcategories&post=28331"},{"taxonomy":"post_tag","embeddable":true,"href":"https:\/\/www.brennerbasisdemokratie.eu\/index.php?rest_route=%2Fwp%2Fv2%2Ftags&post=28331"}],"curies":[{"name":"wp","href":"https:\/\/api.w.org\/{rel}","templated":true}]}}