{"id":28385,"date":"2016-04-03T17:37:53","date_gmt":"2016-04-03T15:37:53","guid":{"rendered":"http:\/\/www.brennerbasisdemokratie.eu\/?p=28385"},"modified":"2022-12-28T09:45:47","modified_gmt":"2022-12-28T08:45:47","slug":"spannender-start-in-den-konvent","status":"publish","type":"post","link":"https:\/\/www.brennerbasisdemokratie.eu\/?p=28385","title":{"rendered":"Spannender Start in den Konvent."},"content":{"rendered":"<p>Gestern fand zum ersten Mal die Sitzung des Forums der 100 statt. Mit gro\u00dfer Spannung und Nervosit\u00e4t habe ich mich in die <em>Eurac<\/em> aufgemacht. Im Vorfeld gab es bei mir einige Missstimmigkeiten und vor allem Kommunikationsprobleme mit dem Sekretariat (ich hatte als <em>succus<\/em> <a title=\"S\u00fcdtirolkonvent \u2014 holpriger Start.\" href=\"http:\/\/www.brennerbasisdemokratie.eu\/?p=27706\">berichtet<\/a>), die ich auch ansprechen wollte. Meine Intention war es, f\u00fcr den <em>Konvent der 33<\/em> (K33) zu kandidieren, um als politsch denkender Mensch erstmalig die Chance wahrzunehmen, in einem spannenden zivilgesellschaftlichen Prozess mitzuarbeiten. Damit ich aber meine Chancen f\u00fcr eine Wahl besser einsch\u00e4tzen konnte, schrieb ich an das Sekretariat des Konvents mit der Bitte, mir den Wahlmodus mitzuteilen, da dieser nicht unerheblich f\u00fcr die Wahrscheinlichkeit einer Ernennung ist. Leider wurde dem nicht entsprochen, ich bekam folgende Antwort:<\/p>\n<blockquote><p>Die Wahlmethode der 8 B\u00fcrgervertreter wurde in der letzten Fraktionssprechersitzung besprochen und wird\u00a0anl\u00e4sslich der ersten Sitzung des Forum der 100 am\u00a0kommenden Samstag\u00a0allen Teilnehmern bekanntgegeben und\u00a0erkl\u00e4rt.<\/p><\/blockquote>\n<p>Dies hat bei mir einiges an Ver\u00e4rgerung hervorgerufen, da all jene, die einer Partei angeh\u00f6ren, einen Informationsvorsprung haben w\u00fcrden und ich das als nicht fair betrachtete.<\/p>\n<p>Nach der Registrierung ging das Forum gestern mit etwas Versp\u00e4tung los, Landtagspr\u00e4sident Thomas Widmann (SVP) begr\u00fc\u00dfte die Teilnehmer und die Moderatorinnen \u00fcbernahmen das Wort. Nachdem vonseiten der Moderation dazu aufgerufen wurde, endg\u00fcltig die Kandidatur bekannt zu geben, entfachte sich eine hei\u00dfe Diskussion; auch ich brachte mich ein, denn der Wahlmodus war bis zu diesem Zeitpunkt nicht bekannt, f\u00fcr mich eine untragbare Situation. Es wurden auch Antr\u00e4ge eingebracht, die Wahl zu verschieben, da man sich noch zu wenig kenne, letztlich wurde aber doch entschieden, die Wahl durchzuf\u00fchren. Dem Wunsch, den Wahlmodus vor den Kandidaten vorzustellen, wurde entsprochen.<\/p>\n<p>Die Einzelheiten:<\/p>\n<ul>\n<li>Die Ladiner entsenden einen Vertreter (Mann oder Frau) in den K33;<\/li>\n<li>Die Italiener zwei Vertreter (1 Mann und 1 Frau);<\/li>\n<li>Die Deutschen f\u00fcnf Vertreter (3 M\u00e4nner wenn ladinischer Vertreter eine Frau ist bzw. 2 M\u00e4nner wenn der ladinische Vertreter ein Mann ist).<\/li>\n<\/ul>\n<p>Jeder Forumsteilnhmer hatte bis zu 8 Stimmen, die getrennt nach Sprachgruppen abzugeben waren.<\/p>\n<p>Ein weiterer Diskussionspunkt war die Pr\u00e4senz von drei B\u00fcrgermeistern und eines Parteifunktion\u00e4rs im Forum. Verschiedene Teilnehmer appellierten an diese, sich nicht der Wahl zum K33 zu stellen, da diese durch den Rat der Gemeinden ungleich leichter in den Konvent gew\u00e4hlt werden k\u00f6nnten. Letztlich blieb nur der B\u00fcrgermeister von Branzoll, Bertinazzo, bei seiner Kandidatur.<\/p>\n<p>Nachdem diese Punkte gekl\u00e4rt waren, konnte die Runde der Kandidatenvorstellung beginnen. Die einzige ladinische Kandidatin (Ploner Elisabeth) stellte ihre Anliegen in ladinischer Sprache vor, f\u00fcr mich als Kind eines ladinischen Vaters, der Sprache aber nicht m\u00e4chtig, ein sch\u00f6nes Signal. Die Kandidaten der italienischen Sprachgruppe waren zahlreich vertreten, es kandidierten 13 M\u00e4nner und Frauen, eine sehr hohe Anzahl angesichts der 26 erkl\u00e4rten Italiener im <em>Forum der 100<\/em> (F100). Besonders in Erinnerung geblieben ist mir Olfa Sassi, tunesischer Abstammung, die sich auch vor allem f\u00fcr die Jungb\u00fcrgerInnen stark machen will und Walter Eccli, den ich nicht kannte, der sich als Welschtiroler bezeichnete und sehr gut Deutsch sprach.<\/p>\n<p>Die deutschsprachigen Kandidaten stellten sich in zwei Runden vor, ich war ziemlich aufgeregt und hatte den Eindruck, nicht alle wesentlichen Punkte mitgeteilt zu haben.<\/p>\n<p>In der Mittagspause konnten alle Forumsteilnehmer Kontakt mit den Kandidaten aufnehmen. Dies diente dem besseren Kennenlernen und auch ich habe einige interessante, zum Teil kontroverse Diskussionen gef\u00fchrt. Um 15.30 Uhr begann dann die Wahl, jeder wurde namentlich zur Stimmabgabe aufgerufen, womit auch klar war, dass noch einige Zeit vergehen w\u00fcrde, bis die Ergebnisse ver\u00f6ffentlicht werden.<\/p>\n<blockquote><p><img loading=\"lazy\" decoding=\"async\" class=\"size-full wp-image-28388\" src=\"http:\/\/www.brennerbasisdemokratie.eu\/wp-content\/uploads\/2016\/04\/421339901_112923.jpg\" alt=\"Die acht Vertreter der F100 f\u00fcr den K33\" width=\"1280\" height=\"852\" srcset=\"https:\/\/www.brennerbasisdemokratie.eu\/wp-content\/uploads\/2016\/04\/421339901_112923.jpg 1280w, https:\/\/www.brennerbasisdemokratie.eu\/wp-content\/uploads\/2016\/04\/421339901_112923-768x511.jpg 768w, https:\/\/www.brennerbasisdemokratie.eu\/wp-content\/uploads\/2016\/04\/421339901_112923-1200x799.jpg 1200w, https:\/\/www.brennerbasisdemokratie.eu\/wp-content\/uploads\/2016\/04\/421339901_112923-800x533.jpg 800w\" sizes=\"auto, (max-width: 1280px) 100vw, 1280px\" \/><\/p><\/blockquote>\n<p><small><em>Die acht Vertreter des F100 im K33: Walter Eccli, Heinold Rottensteiner, Janah Maria Andreis, Martin Feichter, Verena Geier, (Landtagspr\u00e4sident Thomas Widmann), Elisabeth Ploner, Olfa Sassi, Patrick Dejaco. Quelle: S\u00fcdtirolkonvent<\/em><\/small><\/p>\n<p>Zu meiner riesengro\u00dfen \u00dcberraschung wurde ich in den K33 gew\u00e4hlt; meine Freude ist gro\u00df, ich m\u00f6chte mich wirklich f\u00fcr das Gelingen dieses Konvents einsetzen. Leider beginnen schon die <a title=\"Salto: Una Ferrari a pedali...\" href=\"http:\/\/salto.bz\/article\/03042016\/una-ferrari-pedali\" target=\"_blank\" rel=\"noopener\">Polemiken<\/a>, da auf italienischer Seite Herr Eccli und Frau Sassi, nicht \u00bbrichtige\u00ab Italiener sind und dies gerade aus der sogenannen inklusivistischen Ecke angeprangert wird.<\/p>\n<p>F\u00fcr mich ist klar: Ich werde die Anliegen des F100 bestm\u00f6glich in den K33 einbringen. Nat\u00fcrlich werde ich auch meine eigenen Anliegen vertreten, vor allem aber m\u00f6chte ich den Konvent zu einem echten Zukunftkonvent gestalten. Ich hoffe, es gelingt uns allen. Ich habe jedenfalls die gestrigen Diskussionen als sehr anregend, diszipliniert und in keinster Weise als Obstruktion empfunden. Gro\u00dfes Kompliment an die Moderatorinnen \u2014 allen voran Sabina Frei, die sehr gute Arbeit geleistet hat. An dieser Stelle m\u00f6chte ich mich auch bei allen, die mich gew\u00e4hlt haben, f\u00fcr das Vertrauen bedanken.<\/p>\n<p style=\"text-align: center;\"><hr class=\"dotted-hr\" style=\"height: 4px; width: 100%; border: none; margin-top: 0em; margin-bottom: 0em; background-color: black;\"\/><\/p>\n<h6>Der Text meiner Bewerbung f\u00fcr den K33:<\/h6>\n<blockquote><p>Meine Kandidatur f\u00fcr den <em>Konvent der 33<\/em> erfolgt aufgrund meines politischen Interesses und meiner Parteiunabh\u00e4ngigkeit. Ich war nie in einer Partei eingeschrieben, trotzdem habe ich mich stets mit politischen Themen auseinandergesetzt. Als Vater von vier Kindern gilt mein besonderes Interesse Zukunftsthemen wie Gestaltung des Gemeinwesens, Bildung, Umwelt und Mobilit\u00e4t. Durch mein Studium der Volkswirtschaft besch\u00e4ftige ich mich mit gesamtwirtschaftlichen Themen, die ich in einem erweiterten, speziell europ\u00e4ischen Kontext sehe. Meine Kandidatur zum <em>Konvent der 33<\/em> erfolgt mit der \u00dcberzeugung, dass die Themen, welche das <em>Forum der 100<\/em> erarbeitet, parteiunabh\u00e4ngig und fordernd in den Konvent eingebracht werden sollen, dazu m\u00f6chte ich mich verpflichten und mit Engagement daf\u00fcr arbeiten.<\/p>\n<p>Europa und damit auch S\u00fcdtirol befindet sich auf einem Scheideweg; die Wirtschaftskrise und die Herausforderungen der Migration zeigen klar auf, dass wir eine neue politische Vision brauchen. Ein politisches Ziel ist das \u00dcberwinden der Nationalstaaten im Sinne der Gr\u00fcnderv\u00e4ter der EU. Deshalb sind die Unabh\u00e4ngigkeitsbestrebungen in Europa f\u00fcr mich politische Avantgarde und S\u00fcdtirol sollte ein Teil dieser regionalen Bewegungen werden und in einem freien und ergebnisoffenen Prozess neue politische Modelle andenken, die die Grundlage f\u00fcr eine erfolgreiche Zukunft darstellen k\u00f6nnen. Diese Vision sollte von einer breiten Bev\u00f6lkerungsmehrheit unter Einschluss aller Sprachgruppen getragen werden. F\u00fcr dieses Vorhaben ist es wichtig, die Grenzen der Autonomie auszuloten und alternative Modelle f\u00fcr eine Entwicklung dar\u00fcber hinaus aufzuzeigen. Als Ergebnis des Konvents soll eine klare politische Vision f\u00fcr unser Land, welche als Handlungsma\u00dfstab f\u00fcr die Politik dient, erarbeitet werden.<\/p><\/blockquote>\n<p><strong><span style=\"font-family: Helvetica, Arial, sans-serif; text-transform: uppercase; font-weight: bold;\">Serie<\/span><\/strong>\u00a0<span style=\"font-family: Helvetica, Arial, sans-serif; font-weight: bold;\">I<\/span> <a title=\"Appell an die Vernunft.\" href=\"http:\/\/www.brennerbasisdemokratie.eu\/?p=28505\"><span style=\"font-family: Helvetica, Arial, sans-serif; font-weight: bold;\">II<\/span><\/a> <a title=\"K33: Konsensprinzip und Autonomieausbau.\" href=\"http:\/\/www.brennerbasisdemokratie.eu\/?p=29594\"><span style=\"font-family: Helvetica, Arial, sans-serif; font-weight: bold;\">III<\/span><\/a> <a title=\"K33: Die Rolle der Region.\" href=\"http:\/\/www.brennerbasisdemokratie.eu\/?p=29892\"><span style=\"font-family: Helvetica, Arial, sans-serif; font-weight: bold;\">IV<\/span><\/a> <a title=\"K33: Minderheitenschutz.\" href=\"http:\/\/www.brennerbasisdemokratie.eu\/?p=30186\"><span style=\"font-family: Helvetica, Arial, sans-serif; font-weight: bold;\">V<\/span><\/a> <a title=\"K33: Es geht weiter.\" href=\"http:\/\/www.brennerbasisdemokratie.eu\/?p=31521\"><span style=\"font-family: Helvetica, Arial, sans-serif; font-weight: bold;\">VI<\/span><\/a> <a title=\"K33: Selbstbestimmung.\" href=\"http:\/\/www.brennerbasisdemokratie.eu\/?p=31702\"><span style=\"font-family: Helvetica, Arial, sans-serif; font-weight: bold;\">VII<\/span><\/a> <a title=\"F100: Es wird gearbeitet.\" href=\"http:\/\/www.brennerbasisdemokratie.eu\/?p=31946\"><span style=\"font-family: Helvetica, Arial, sans-serif; font-weight: bold;\">VIII<\/span><\/a> <a title=\"K33: Europa und Euregio.\" href=\"http:\/\/www.brennerbasisdemokratie.eu\/?p=32189\"><span style=\"font-family: Helvetica, Arial, sans-serif; font-weight: bold;\">IX<\/span><\/a> <a title=\"K33: Subsidiarit\u00e4t und die Rolle der Gemeinden.\" href=\"http:\/\/www.brennerbasisdemokratie.eu\/?p=32467\"><span style=\"font-family: Helvetica, Arial, sans-serif; font-weight: bold;\">X<\/span><\/a> <a title=\"K33: Arbeitsgruppen zu den Kompetenzen\" href=\"http:\/\/www.brennerbasisdemokratie.eu\/?p=32672\"><span style=\"font-family: Helvetica, Arial, sans-serif; font-weight: bold;\">XI<\/span><\/a> <a title=\"K33: Wo sind die Italiener?\" href=\"http:\/\/www.brennerbasisdemokratie.eu\/?p=32747\"><span style=\"font-family: Helvetica, Arial, sans-serif; font-weight: bold;\">XII<\/span><\/a> <a title=\"K33: Erste Ergebnisse.\" href=\"http:\/\/www.brennerbasisdemokratie.eu\/?p=32845\"><span style=\"font-family: Helvetica, Arial, sans-serif; font-weight: bold;\">XIII<\/span><\/a> <a href=\"http:\/\/www.brennerbasisdemokratie.eu\/?p=33484\"><span style=\"font-family: Helvetica, Arial, sans-serif; font-weight: bold;\">XIV<\/span><\/a> <a title=\"K33: Landespolizei, Steuerhoheit uvm.\" href=\"http:\/\/www.brennerbasisdemokratie.eu\/?p=33597\"><span style=\"font-family: Helvetica, Arial, sans-serif; font-weight: bold;\">XV<\/span><\/a> <a title=\"K33: Provokation der Gewerkschaften.\" href=\"http:\/\/www.brennerbasisdemokratie.eu\/?p=33763\"><span style=\"font-family: Helvetica, Arial, sans-serif; font-weight: bold;\">XVI<\/span><\/a> <a title=\"K33: Art. 19 wird nicht angetastet.\" href=\"http:\/\/www.brennerbasisdemokratie.eu\/?p=33846\"><span style=\"font-family: Helvetica, Arial, sans-serif; font-weight: bold;\">XVII<\/span><\/a> <a title=\"Wer ist progressiv?\" href=\"http:\/\/www.brennerbasisdemokratie.eu\/?p=33859\"><span style=\"font-family: Helvetica, Arial, sans-serif; font-weight: bold;\">XVIII<\/span><\/a> <a title=\"F100: Vers\u00f6hnlicher Abschluss.\" href=\"http:\/\/www.brennerbasisdemokratie.eu\/?p=34422\"><span style=\"font-family: Helvetica, Arial, sans-serif; font-weight: bold;\">XIX<\/span><\/a> <a title=\"K33: Finanz- und Steuerautonomie.\" href=\"http:\/\/www.brennerbasisdemokratie.eu\/?p=34520\"><span style=\"font-family: Helvetica, Arial, sans-serif; font-weight: bold;\">XX<\/span><\/a> <a title=\"F100: Abschlussveranstaltung im K33.\" href=\"http:\/\/www.brennerbasisdemokratie.eu\/?p=34651\"><span style=\"font-family: Helvetica, Arial, sans-serif; font-weight: bold;\">XXI<\/span><\/a> <a title=\"Basta!\" href=\"http:\/\/www.brennerbasisdemokratie.eu\/?p=34662\"><span style=\"font-family: Helvetica, Arial, sans-serif; font-weight: bold;\">XXII<\/span><\/a> <a title=\"K33: Ladinien und Pr\u00e4ambel.\" href=\"http:\/\/www.brennerbasisdemokratie.eu\/?p=34747\"><span style=\"font-family: Helvetica, Arial, sans-serif; font-weight: bold;\">XXIII<\/span><\/a> <a title=\"K33: Endspurt.\" href=\"http:\/\/www.brennerbasisdemokratie.eu\/?p=35072\"><span style=\"font-family: Helvetica, Arial, sans-serif; font-weight: bold;\">XXIV<\/span><\/a> <a title=\"K33: Abschluss der Arbeiten.\" href=\"http:\/\/www.brennerbasisdemokratie.eu\/?p=35206\"><span style=\"font-family: Helvetica, Arial, sans-serif; font-weight: bold;\">XXV<\/span><\/a><\/p>","protected":false},"excerpt":{"rendered":"<p>Gestern fand zum ersten Mal die Sitzung des Forums der 100 statt. Mit gro\u00dfer Spannung und Nervosit\u00e4t habe ich mich in die Eurac aufgemacht. Im Vorfeld gab es bei mir einige Missstimmigkeiten und vor allem Kommunikationsprobleme mit dem Sekretariat (ich hatte als succus berichtet), die ich auch ansprechen wollte. Meine Intention war es, f\u00fcr den [&hellip;]<\/p>","protected":false},"author":12,"featured_media":0,"comment_status":"open","ping_status":"open","sticky":false,"template":"","format":"standard","meta":{"_crdt_document":"","ngg_post_thumbnail":0,"_jetpack_memberships_contains_paid_content":false,"footnotes":""},"categories":[1],"tags":[],"class_list":["post-28385","post","type-post","status-publish","format-standard","hentry","category-allgemein","entity-eu","entity-svp","issue-suedtirolkonvent","language-deutsch","medium-salto","topic-bildung","topic-ecologia","topic-grundrechte","topic-migraziun","topic-mitbestimmung","topic-mobilitaet","topic-plurilinguism","topic-politik","topic-selbstbestimmung","topic-wirtschaft"],"jetpack_featured_media_url":"","jetpack_sharing_enabled":true,"_links":{"self":[{"href":"https:\/\/www.brennerbasisdemokratie.eu\/index.php?rest_route=\/wp\/v2\/posts\/28385","targetHints":{"allow":["GET"]}}],"collection":[{"href":"https:\/\/www.brennerbasisdemokratie.eu\/index.php?rest_route=\/wp\/v2\/posts"}],"about":[{"href":"https:\/\/www.brennerbasisdemokratie.eu\/index.php?rest_route=\/wp\/v2\/types\/post"}],"author":[{"embeddable":true,"href":"https:\/\/www.brennerbasisdemokratie.eu\/index.php?rest_route=\/wp\/v2\/users\/12"}],"replies":[{"embeddable":true,"href":"https:\/\/www.brennerbasisdemokratie.eu\/index.php?rest_route=%2Fwp%2Fv2%2Fcomments&post=28385"}],"version-history":[{"count":24,"href":"https:\/\/www.brennerbasisdemokratie.eu\/index.php?rest_route=\/wp\/v2\/posts\/28385\/revisions"}],"predecessor-version":[{"id":75486,"href":"https:\/\/www.brennerbasisdemokratie.eu\/index.php?rest_route=\/wp\/v2\/posts\/28385\/revisions\/75486"}],"wp:attachment":[{"href":"https:\/\/www.brennerbasisdemokratie.eu\/index.php?rest_route=%2Fwp%2Fv2%2Fmedia&parent=28385"}],"wp:term":[{"taxonomy":"category","embeddable":true,"href":"https:\/\/www.brennerbasisdemokratie.eu\/index.php?rest_route=%2Fwp%2Fv2%2Fcategories&post=28385"},{"taxonomy":"post_tag","embeddable":true,"href":"https:\/\/www.brennerbasisdemokratie.eu\/index.php?rest_route=%2Fwp%2Fv2%2Ftags&post=28385"}],"curies":[{"name":"wp","href":"https:\/\/api.w.org\/{rel}","templated":true}]}}