{"id":28476,"date":"2016-04-04T16:38:25","date_gmt":"2016-04-04T14:38:25","guid":{"rendered":"http:\/\/www.brennerbasisdemokratie.eu\/?p=28476"},"modified":"2019-01-20T00:29:59","modified_gmt":"2019-01-19T23:29:59","slug":"hc-straches-adjutanten","status":"publish","type":"post","link":"https:\/\/www.brennerbasisdemokratie.eu\/?p=28476","title":{"rendered":"HC Straches Adjutanten."},"content":{"rendered":"<p>Besch\u00e4digungen, Verletzungen und Verhaftungen am Brenner. HC Strache und alle anderen Rechtspopulisten Europas wird&#8217;s freuen. Gut vorstellbar, dass der FP\u00d6-Chef gestern mit Popcorn und Bier vor dem Fernseher gesessen ist und sich gen\u00fcsslich das FP\u00d6-Propagandavideo live vom Brenner reingezogen hat. Ein paar gehirnamputierte Arschl\u00f6cher haben dort n\u00e4mlich alles in ihrer Macht stehende getan, um die fragile Stimmung in der Bev\u00f6lkerung in Richtung Fremdenhass und Grenzschlie\u00dfung zu kippen sowie den rechten Populisten und Blendern in die H\u00e4nde zu spielen.<\/p>\n<p>Gleichzeitig haben es die Berufschaoten geschafft, <a href=\"https:\/\/www.facebook.com\/keinzaunambrenner\/posts\/1113623748701080?comment_id=1113670018696453&amp;comment_tracking={%22tn%22%3A%22R1%22}\">Hundertschaften von friedlichen Demonstranten<\/a> in Misskredit zu bringen und deren Anliegen zu diskreditieren. Wenn mir die Kernbotschaft der Demonstration (keine Grenzschlie\u00dfungen und menschlicher Umgang mit Fl\u00fcchtlingen) auch nur einen Deut Wert ist, muss ich von vorne bis hinten um Deeskalation bem\u00fcht sein und darf ja keinen Polizeieinsatz riskieren. Selbst wenn die Polizei unverh\u00e4ltnism\u00e4\u00dfig vorginge, m\u00fcsste ich alles in meiner Kraft stehende tun, um als der Besonnene und Gute dazustehen (der ich auf den mitgetragenen Schildern vorgebe zu sein). Vorausgesetzt ich habe zumindest noch zwei funktionierende graue Zellen, muss mir absolut klar sein, dass Bilder wie die von gestern kontraproduktiv sind und der Sache an sich enorm schaden. Auch die Schilder, auf denen Politikern (Salvini) der Tod gew\u00fcnscht wird, w\u00fcrde man eher bei Pegida oder in nazifaschistischen Kreisen vermuten, denn auf einer Demonstration im Zeichen der Menschlichkeit.<\/p>\n<p>Be\u00e4ngstigend ist folglich, dass mittlerweile sogar die Neonazis mehr Verstand haben, als gewisse Gruppen, die sich als Speerspitze der Progressiven und Liberalen ausgeben, aber das Gegenteil davon sind. NPD und Forza Nuova haben es n\u00e4mlich geschafft, den \u00f6ffentlichen Raum in Bozen ohne gr\u00f6bere Zwischenf\u00e4lle und Besch\u00e4digungen (soweit mir bekannt) f\u00fcr ihre menschenverachtenden Zwecke zu missbrauchen. Die haben l\u00e4ngst schon verstanden, welche Wirkung sie dadurch haben und wie sie so die Toleranzschwelle ihnen gegen\u00fcber zu ihren Gunsten verschieben.<\/p>\n<p>Die R\u00e4delsf\u00fchrer der Aktion am Brenner (Anm.: der Konfrontation mit der Polizei nicht der Demonstration an sich wohlgemerkt) sind daf\u00fcr entweder zu dumm oder es geht ihnen \u00fcberhaupt nicht um eine offene Gesellschaft und einen menschlichen Umgang, sondern ausschlie\u00dflich um sich selbst und ihre niedrigen Bed\u00fcrfnisse. Diese auf dem R\u00fccken und auf Kosten von Notleidenden auszuleben ist mitunter das Widerlichste, was man sich vorstellen kann.<\/p>","protected":false},"excerpt":{"rendered":"<p>Besch\u00e4digungen, Verletzungen und Verhaftungen am Brenner. HC Strache und alle anderen Rechtspopulisten Europas wird&#8217;s freuen. Gut vorstellbar, dass der FP\u00d6-Chef gestern mit Popcorn und Bier vor dem Fernseher gesessen ist und sich gen\u00fcsslich das FP\u00d6-Propagandavideo live vom Brenner reingezogen hat. Ein paar gehirnamputierte Arschl\u00f6cher haben dort n\u00e4mlich alles in ihrer Macht stehende getan, um die [&hellip;]<\/p>","protected":false},"author":8,"featured_media":0,"comment_status":"open","ping_status":"open","sticky":false,"template":"","format":"standard","meta":{"_crdt_document":"","ngg_post_thumbnail":0,"_jetpack_memberships_contains_paid_content":false,"footnotes":""},"categories":[],"tags":[],"class_list":["post-28476","post","type-post","status-publish","format-standard","hentry","entity-euregio","entity-freiheitliche","language-deutsch","person-heinz-christian-strache","topic-faschismen","topic-grenzen","topic-migraziun","topic-polizei"],"jetpack_featured_media_url":"","jetpack_sharing_enabled":true,"_links":{"self":[{"href":"https:\/\/www.brennerbasisdemokratie.eu\/index.php?rest_route=\/wp\/v2\/posts\/28476","targetHints":{"allow":["GET"]}}],"collection":[{"href":"https:\/\/www.brennerbasisdemokratie.eu\/index.php?rest_route=\/wp\/v2\/posts"}],"about":[{"href":"https:\/\/www.brennerbasisdemokratie.eu\/index.php?rest_route=\/wp\/v2\/types\/post"}],"author":[{"embeddable":true,"href":"https:\/\/www.brennerbasisdemokratie.eu\/index.php?rest_route=\/wp\/v2\/users\/8"}],"replies":[{"embeddable":true,"href":"https:\/\/www.brennerbasisdemokratie.eu\/index.php?rest_route=%2Fwp%2Fv2%2Fcomments&post=28476"}],"version-history":[{"count":14,"href":"https:\/\/www.brennerbasisdemokratie.eu\/index.php?rest_route=\/wp\/v2\/posts\/28476\/revisions"}],"predecessor-version":[{"id":28490,"href":"https:\/\/www.brennerbasisdemokratie.eu\/index.php?rest_route=\/wp\/v2\/posts\/28476\/revisions\/28490"}],"wp:attachment":[{"href":"https:\/\/www.brennerbasisdemokratie.eu\/index.php?rest_route=%2Fwp%2Fv2%2Fmedia&parent=28476"}],"wp:term":[{"taxonomy":"category","embeddable":true,"href":"https:\/\/www.brennerbasisdemokratie.eu\/index.php?rest_route=%2Fwp%2Fv2%2Fcategories&post=28476"},{"taxonomy":"post_tag","embeddable":true,"href":"https:\/\/www.brennerbasisdemokratie.eu\/index.php?rest_route=%2Fwp%2Fv2%2Ftags&post=28476"}],"curies":[{"name":"wp","href":"https:\/\/api.w.org\/{rel}","templated":true}]}}